{"id":739,"date":"2014-03-14T18:00:00","date_gmt":"2014-03-14T18:00:00","guid":{"rendered":"https:\/\/saloanoticias.mrmediaweb.com\/v1\/2014\/03\/14\/eduardo-campos-em-garanhuns-pe\/"},"modified":"2014-03-14T18:00:00","modified_gmt":"2014-03-14T18:00:00","slug":"eduardo-campos-em-garanhuns-pe","status":"publish","type":"post","link":"https:\/\/www.saloanoticias.com\/v1\/eduardo-campos-em-garanhuns-pe\/","title":{"rendered":"EDUARDO CAMPOS EM GARANHUNS\/PE"},"content":{"rendered":"<p align=\"justify\"><font size=\"3\" face=\"Arial\"><a href=\"http:\/\/www.saloanoticias.com\/images\/eduardo-campos-garanhuns-2.jpg\"><img loading=\"lazy\" decoding=\"async\" title=\"eduardo campos garanhuns 2\" style=\"border-top: 0px; border-right: 0px; background-image: none; border-bottom: 0px; float: none; padding-top: 0px; padding-left: 0px; margin: 0px auto 10px; border-left: 0px; display: block; padding-right: 0px\" border=\"0\" alt=\"eduardo campos garanhuns 2\" src=\"http:\/\/www.saloanoticias.com\/v1\/wp-content\/uploads\/imagens\/eduardo-campos-garanhuns-2_thumb.jpg\" width=\"548\" height=\"365\"><\/a>O governador Eduardo Campos (PSB) fez um discurso curto, elegante, focando a agenda administrativa e assim evitou qualquer atrito pol\u00edtico com o prefeito Iza\u00edas R\u00e9gis (PTB), que n\u00e3o estava presente ao ato realizado no Hospital Dom Moura, no in\u00edcio da noite. O gestor se encontrava em Bras\u00edlia, mas como recebeu o convite para a solenidade, na quarta-feira \u00e0 tarde, via Chefia de Gabinete, enviou o Secret\u00e1rio de Sa\u00fade, Harley Davidson como representante do Munic\u00edpio.<\/font> <\/p>\n<p align=\"justify\"><font size=\"3\" face=\"Arial\">\u201cGaranhuns \u00e9 uma cidade muito querida, muito importante na minha carreira pol\u00edtica\u201d, elogiou o governador, dando a entender que procurou corresponder \u00e0s vota\u00e7\u00f5es que recebeu na cidade com obras importantes. Citou que sua primeira a\u00e7\u00e3o em 2007, com apenas 90 dias de governo, foi retirar o pres\u00eddio feminino da V\u00e1rzea, uma promessa de campanha. \u201cFiz assim num gesto simb\u00f3lico, porque aprendi com Miguel Arraes que a maior qualidade de um pol\u00edtico \u00e9 honrar a palavra\u201d, destacou.<\/font> <\/p>\n<p align=\"justify\"><font size=\"3\" face=\"Arial\">Eduardo lembrou a situa\u00e7\u00e3o de sofrimento em Garanhuns por \u00e1gua, que em determinados bairros demorava at\u00e9 30 dias para chegar. Disse que nas r\u00e1dios a reclama\u00e7\u00e3o era constante e o munic\u00edpio n\u00e3o podia se desenvolver mais pela falta do l\u00edquido. \u201cEnt\u00e3o constru\u00edmos a barragem e resolvemos este problema\u201d, frisou o socialista. <\/font><font size=\"3\" face=\"Arial\">O governador disse tamb\u00e9m que participou da luta, junto ao presidente Lula, para que Garanhuns ganhasse os primeiros cursos da Universidade Federal Rural de Pernambuco.<\/font> <\/p>\n<p align=\"justify\"><font size=\"3\" face=\"Arial\">\u201cDepois disso como governador consegui dobrar o tamanho da UPE local e implantei o primeiro curso de medicina do interior do Estado\u201d, salientou. <\/font><font size=\"3\" face=\"Arial\">Ele ressaltou ainda a constru\u00e7\u00e3o da Adutora do Agreste, com a obra j\u00e1 em andamento, que ir\u00e1 beneficiar Garanhuns e os munic\u00edpios em volta. Chamou a aten\u00e7\u00e3o para os investimentos no Dom Moura e anunciou a constru\u00e7\u00e3o do<i>Hospital Regional do Agreste Meridional Mestre Dominguinhos<\/i>, numa homenagem ao m\u00fasico garanhuense.<\/font> <\/p>\n<p align=\"justify\"><font size=\"3\" face=\"Arial\">A compra do terreno para a constru\u00e7\u00e3o do novo hospital foi acertada ontem mesmo, entre o governador Eduardo Campos e o empres\u00e1rio Jeov\u00e1 Barros, irm\u00e3o do ex-vereador Ged\u00e9cio Barros. A \u00e1rea adquirida pelo Estado fica \u00e0s margens da BR-423. <\/font><font size=\"3\" face=\"Arial\">No ato tamb\u00e9m foi anunciado pelo Governo do Estado, atrav\u00e9s do Secret\u00e1rio de Sa\u00fade, Ant\u00f4nio Figueira, uma parceria com o Hospital Nossa Senhora do Perp\u00e9tuo Socorro para atendimento e realiza\u00e7\u00e3o de exames de alta complexidade, como resson\u00e2ncia magn\u00e9tica. O conv\u00eanio foi assinado pelo governador, o Secret\u00e1rio de Sa\u00fade Estadual e Fernanda Tinoco e Jos\u00e9 Tinoco Filho.<\/font> <\/p>\n<p align=\"justify\"><font face=\"Arial\"><font size=\"3\"><b>PRESENTES<\/b> \u2013 Prestigiaram o governador Eduardo Campos em Garanhuns a maioria dos prefeitos do Agreste Meridional. Estavam no p\u00e1tio do Dom Moura os seguintes gestores: Dannilo Godoy (Bom Conselho), Armando Duarte (Caet\u00e9s), Neide Reino (Capoeiras), Ricardo Alves (Salo\u00e1),&nbsp; Hernandes Albuquerque (Venturosa), Ivanildo Souza (Cal\u00e7ado), Jos\u00e9 Teixeira (Paranatama), Marco Calado (Angelim), Alexandre Martins (Terezinha), Celina Brito (Jupi), Rossine Blesmany (Lajedo) e D\u00e9bora Almeida (S\u00e3o Bento do Una).<\/font><\/font> <\/p>\n<p align=\"justify\"><font size=\"3\" face=\"Arial\">Tamb\u00e9m estavam presentes os deputados Claudiano Martins, Raquel Lira e Marcant\u00f4nio Dourado. Al\u00e9m deles estavam no Dom Moura o gestor da GRE, professor Paulo Lins, a diretora da 5\u00aa Regi\u00e3o de Sa\u00fade, Ricarda Samara, o capit\u00e3o Hudson, Ivan Rodrigues, vereadores Zaqueu Lins e Gil PM,&nbsp; e os ex-prefeitos Luiz Carlos de Oliveira, Ivo Amaral, Sandoval Cadengue, Nenen e Eudson Cat\u00e3o.<\/font> <\/p>\n<p align=\"justify\"><font size=\"3\" face=\"Arial\">Al\u00e9m do governador usaram da palavra o secret\u00e1rio de Sa\u00fade do Estado, Ant\u00f4nio Figueira, que relembrou suas origens garanhuenses e pediu para a comunidade defender o nome do Dom Moura. Raquel Lira destacou a ousadia de Eduardo em investir na sa\u00fade, construindo na sua gest\u00e3o uma dezena de hospitais e 14 UPAES. A parlamentar tamb\u00e9m garantiu que o socialista n\u00e3o discrimina ningu\u00e9m por conta de filia\u00e7\u00e3o a partido pol\u00edtico.<\/font> <\/p>\n<p align=\"justify\"><font face=\"Arial\"><font size=\"3\">Coube a Marcant\u00f4nio Dourado, no seu discurso, alfinetar o prefeito Iza\u00edas R\u00e9gis. Depois de elogiar os feitos de Eduardo, a quem chamou de \u201cmeu governador\u201d e prometeu fidelidade, o deputado deu uma indireta para o prefeito de Garanhuns e disse que \u201cconvites sempre v\u00e3o ter\u201d, se referindo \u00e0 queixa do petebista de que n\u00e3o tinha sido convidado para o ato do Governo em Garanhuns.<\/font><\/font><\/p>\n<p align=\"justify\"><font face=\"Arial Black\"><font size=\"3\"><b>*Fotos do Blog do Ronaldo Cesar&nbsp; &#8211;&nbsp; <\/b><\/font><strong><font size=\"3\">Fonte&nbsp; &#8211;&nbsp; Blog do Roberto Almeida<\/font><\/strong><\/font><\/p>\n<div style=\"margin-top: 0px; margin-bottom: 0px;\" class=\"sharethis-inline-share-buttons\" ><\/div>","protected":false},"excerpt":{"rendered":"<p>O governador Eduardo Campos (PSB) fez um discurso curto, elegante, focando a agenda administrativa e assim evitou qualquer atrito pol\u00edtico com o prefeito Iza\u00edas R\u00e9gis (PTB), que n\u00e3o estava presente ao ato realizado no Hospital Dom Moura, no in\u00edcio da noite. O gestor se encontrava em Bras\u00edlia, mas como recebeu o convite para a solenidade, [&hellip;]<\/p>\n","protected":false},"author":1,"featured_media":0,"comment_status":"open","ping_status":"open","sticky":false,"template":"","format":"standard","meta":{"footnotes":""},"categories":[2],"tags":[],"class_list":["post-739","post","type-post","status-publish","format-standard","hentry","category-noticias-do-dia"],"_links":{"self":[{"href":"https:\/\/www.saloanoticias.com\/v1\/wp-json\/wp\/v2\/posts\/739","targetHints":{"allow":["GET"]}}],"collection":[{"href":"https:\/\/www.saloanoticias.com\/v1\/wp-json\/wp\/v2\/posts"}],"about":[{"href":"https:\/\/www.saloanoticias.com\/v1\/wp-json\/wp\/v2\/types\/post"}],"author":[{"embeddable":true,"href":"https:\/\/www.saloanoticias.com\/v1\/wp-json\/wp\/v2\/users\/1"}],"replies":[{"embeddable":true,"href":"https:\/\/www.saloanoticias.com\/v1\/wp-json\/wp\/v2\/comments?post=739"}],"version-history":[{"count":0,"href":"https:\/\/www.saloanoticias.com\/v1\/wp-json\/wp\/v2\/posts\/739\/revisions"}],"wp:attachment":[{"href":"https:\/\/www.saloanoticias.com\/v1\/wp-json\/wp\/v2\/media?parent=739"}],"wp:term":[{"taxonomy":"category","embeddable":true,"href":"https:\/\/www.saloanoticias.com\/v1\/wp-json\/wp\/v2\/categories?post=739"},{"taxonomy":"post_tag","embeddable":true,"href":"https:\/\/www.saloanoticias.com\/v1\/wp-json\/wp\/v2\/tags?post=739"}],"curies":[{"name":"wp","href":"https:\/\/api.w.org\/{rel}","templated":true}]}}