{"id":7388,"date":"2019-03-25T22:22:24","date_gmt":"2019-03-25T22:22:24","guid":{"rendered":"https:\/\/saloanoticias.com\/v1\/?p=7388"},"modified":"2019-03-25T22:34:13","modified_gmt":"2019-03-25T22:34:13","slug":"justica-determina-a-soltura-imediata-do-ex-presidente-michel-temer","status":"publish","type":"post","link":"https:\/\/www.saloanoticias.com\/v1\/justica-determina-a-soltura-imediata-do-ex-presidente-michel-temer\/","title":{"rendered":"JUSTI\u00c7A DETERMINA A SOLTURA IMEDIATA DO EX-PRESIDENTE MICHEL TEMER"},"content":{"rendered":"<p><img loading=\"lazy\" decoding=\"async\" class=\" wp-image-7389 alignright\" src=\"https:\/\/saloanoticias.com\/v1\/wp-content\/uploads\/2019\/03\/temer.jpg\" alt=\"\" width=\"290\" height=\"194\" srcset=\"https:\/\/www.saloanoticias.com\/v1\/wp-content\/uploads\/2019\/03\/temer.jpg 840w, https:\/\/www.saloanoticias.com\/v1\/wp-content\/uploads\/2019\/03\/temer-300x200.jpg 300w, https:\/\/www.saloanoticias.com\/v1\/wp-content\/uploads\/2019\/03\/temer-768x512.jpg 768w\" sizes=\"auto, (max-width: 290px) 100vw, 290px\" \/>O desembargador Antonio Ivan Athi\u00e9, do Tribunal Regional Federal da 2\u00aa Regi\u00e3o, determinou, h\u00e1 pouco, a soltura do ex-presidente Michel Temer. As informa\u00e7\u00f5es s\u00e3o do Estad\u00e3o. Athi\u00e9 \u00e9 relator do habeas corpus dos advogados de Temer, que contestam o decreto de pris\u00e3o do juiz Marcelo Bretas, da 7\u00aa Vara Federal do Rio, respons\u00e1vel pela Opera\u00e7\u00e3o Lava Jato.<\/p>\n<p>A decis\u00e3o tamb\u00e9m inclui a liberdade do ex-ministro Moreira Franco e outras cinco pessoas, entre eles o Coronel Lima, amigo do ex-presidente. Athi\u00e9 havia pedido que o caso fosse inclu\u00eddo na pauta de julgamento do tribunal na pr\u00f3xima quarta-feira, para que a decis\u00e3o sobre o habeas corpus fosse colegiada. Ao conceder a liberdade, por\u00e9m, ele se antecipou. <em>Fonte: Blog do Magno Mrtins<\/em><\/p>\n<div style=\"margin-top: 0px; margin-bottom: 0px;\" class=\"sharethis-inline-share-buttons\" ><\/div>","protected":false},"excerpt":{"rendered":"<p>O desembargador Antonio Ivan Athi\u00e9, do Tribunal Regional Federal da 2\u00aa Regi\u00e3o, determinou, h\u00e1 pouco, a soltura do ex-presidente Michel Temer. As informa\u00e7\u00f5es s\u00e3o do Estad\u00e3o. Athi\u00e9 \u00e9 relator do habeas corpus dos advogados de Temer, que contestam o decreto de pris\u00e3o do juiz Marcelo Bretas, da 7\u00aa Vara Federal do Rio, respons\u00e1vel pela Opera\u00e7\u00e3o [&hellip;]<\/p>\n","protected":false},"author":2,"featured_media":7391,"comment_status":"open","ping_status":"open","sticky":false,"template":"","format":"standard","meta":{"footnotes":""},"categories":[2],"tags":[],"class_list":["post-7388","post","type-post","status-publish","format-standard","has-post-thumbnail","hentry","category-noticias-do-dia"],"_links":{"self":[{"href":"https:\/\/www.saloanoticias.com\/v1\/wp-json\/wp\/v2\/posts\/7388","targetHints":{"allow":["GET"]}}],"collection":[{"href":"https:\/\/www.saloanoticias.com\/v1\/wp-json\/wp\/v2\/posts"}],"about":[{"href":"https:\/\/www.saloanoticias.com\/v1\/wp-json\/wp\/v2\/types\/post"}],"author":[{"embeddable":true,"href":"https:\/\/www.saloanoticias.com\/v1\/wp-json\/wp\/v2\/users\/2"}],"replies":[{"embeddable":true,"href":"https:\/\/www.saloanoticias.com\/v1\/wp-json\/wp\/v2\/comments?post=7388"}],"version-history":[{"count":3,"href":"https:\/\/www.saloanoticias.com\/v1\/wp-json\/wp\/v2\/posts\/7388\/revisions"}],"predecessor-version":[{"id":7393,"href":"https:\/\/www.saloanoticias.com\/v1\/wp-json\/wp\/v2\/posts\/7388\/revisions\/7393"}],"wp:featuredmedia":[{"embeddable":true,"href":"https:\/\/www.saloanoticias.com\/v1\/wp-json\/wp\/v2\/media\/7391"}],"wp:attachment":[{"href":"https:\/\/www.saloanoticias.com\/v1\/wp-json\/wp\/v2\/media?parent=7388"}],"wp:term":[{"taxonomy":"category","embeddable":true,"href":"https:\/\/www.saloanoticias.com\/v1\/wp-json\/wp\/v2\/categories?post=7388"},{"taxonomy":"post_tag","embeddable":true,"href":"https:\/\/www.saloanoticias.com\/v1\/wp-json\/wp\/v2\/tags?post=7388"}],"curies":[{"name":"wp","href":"https:\/\/api.w.org\/{rel}","templated":true}]}}