{"id":7382,"date":"2019-03-25T00:54:19","date_gmt":"2019-03-25T00:54:19","guid":{"rendered":"https:\/\/saloanoticias.com\/v1\/?p=7382"},"modified":"2019-03-25T01:20:41","modified_gmt":"2019-03-25T01:20:41","slug":"caminhoneiros-ameacam-para-o-pais-em-mais-uma-greve-no-dia-30-de-marco","status":"publish","type":"post","link":"https:\/\/www.saloanoticias.com\/v1\/caminhoneiros-ameacam-para-o-pais-em-mais-uma-greve-no-dia-30-de-marco\/","title":{"rendered":"CAMINHONEIROS AMEA\u00c7AM PARAR O PA\u00cdS EM MAIS UMA GREVE NO DIA 30 DE MAR\u00c7O"},"content":{"rendered":"<p><img loading=\"lazy\" decoding=\"async\" width=\"980\" height=\"670\" class=\"aligncenter size-full wp-image-7383\" src=\"https:\/\/saloanoticias.com\/v1\/wp-content\/uploads\/2019\/03\/1527180891_038789_1527181387_noticia_normal.jpg\" alt=\"\" srcset=\"https:\/\/www.saloanoticias.com\/v1\/wp-content\/uploads\/2019\/03\/1527180891_038789_1527181387_noticia_normal.jpg 980w, https:\/\/www.saloanoticias.com\/v1\/wp-content\/uploads\/2019\/03\/1527180891_038789_1527181387_noticia_normal-300x205.jpg 300w, https:\/\/www.saloanoticias.com\/v1\/wp-content\/uploads\/2019\/03\/1527180891_038789_1527181387_noticia_normal-768x525.jpg 768w\" sizes=\"auto, (max-width: 980px) 100vw, 980px\" \/>O governo acompanha atentamente as primeiras movimenta\u00e7\u00f5es de caminhoneiros no Pa\u00eds, que amea\u00e7avam dar in\u00edcio a nova paralisa\u00e7\u00e3o. A classe entende que os principais compromissos assumidos pelo governo Michel Temer no ano passado n\u00e3o est\u00e3o sendo cumpridos. Os monitoramentos s\u00e3o feitos pelo Gabinete de Seguran\u00e7a Institucional (GSI), que tem por miss\u00e3o se antecipar aos fatos para evitar problemas para o governo.<\/p>\n<p>As investiga\u00e7\u00f5es apontam que teve in\u00edcio uma articula\u00e7\u00e3o por meio de mensagens de WhatsApp, que j\u00e1 come\u00e7am a falar em paralisa\u00e7\u00f5es para o dia 30 de mar\u00e7o. O governo quer evitar, a todo custo, que qualquer tipo de paralisa\u00e7\u00e3o aconte\u00e7a. N\u00e3o quer, nem de longe, imaginar que pode enfrentar o mesmo problema que parou o pa\u00eds no ano passado.<\/p>\n<p>Os primeiros dados s\u00e3o de que, neste momento, o movimento n\u00e3o tem a mesma for\u00e7a percebida no ano passado, mas h\u00e1 temor de que os caminhoneiros possam se fortalecer e cheguem ao potencial explosivo da \u00faltima greve. Dentro do Pal\u00e1cio, o objetivo \u00e9 ser mais \u00e1gil e efetivo e n\u00e3o deixar a situa\u00e7\u00e3o sair de controle por ficarem titubeando sobre o assunto, como aconteceu com o ex-presidente Michel Temer, no ano passado. <em>Fonte: Blog do Magno Martins<\/em><\/p>\n<div style=\"margin-top: 0px; margin-bottom: 0px;\" class=\"sharethis-inline-share-buttons\" ><\/div>","protected":false},"excerpt":{"rendered":"<p>O governo acompanha atentamente as primeiras movimenta\u00e7\u00f5es de caminhoneiros no Pa\u00eds, que amea\u00e7avam dar in\u00edcio a nova paralisa\u00e7\u00e3o. A classe entende que os principais compromissos assumidos pelo governo Michel Temer no ano passado n\u00e3o est\u00e3o sendo cumpridos. Os monitoramentos s\u00e3o feitos pelo Gabinete de Seguran\u00e7a Institucional (GSI), que tem por miss\u00e3o se antecipar aos fatos [&hellip;]<\/p>\n","protected":false},"author":2,"featured_media":7383,"comment_status":"open","ping_status":"open","sticky":false,"template":"","format":"standard","meta":{"footnotes":""},"categories":[2],"tags":[],"class_list":["post-7382","post","type-post","status-publish","format-standard","has-post-thumbnail","hentry","category-noticias-do-dia"],"_links":{"self":[{"href":"https:\/\/www.saloanoticias.com\/v1\/wp-json\/wp\/v2\/posts\/7382","targetHints":{"allow":["GET"]}}],"collection":[{"href":"https:\/\/www.saloanoticias.com\/v1\/wp-json\/wp\/v2\/posts"}],"about":[{"href":"https:\/\/www.saloanoticias.com\/v1\/wp-json\/wp\/v2\/types\/post"}],"author":[{"embeddable":true,"href":"https:\/\/www.saloanoticias.com\/v1\/wp-json\/wp\/v2\/users\/2"}],"replies":[{"embeddable":true,"href":"https:\/\/www.saloanoticias.com\/v1\/wp-json\/wp\/v2\/comments?post=7382"}],"version-history":[{"count":4,"href":"https:\/\/www.saloanoticias.com\/v1\/wp-json\/wp\/v2\/posts\/7382\/revisions"}],"predecessor-version":[{"id":7387,"href":"https:\/\/www.saloanoticias.com\/v1\/wp-json\/wp\/v2\/posts\/7382\/revisions\/7387"}],"wp:featuredmedia":[{"embeddable":true,"href":"https:\/\/www.saloanoticias.com\/v1\/wp-json\/wp\/v2\/media\/7383"}],"wp:attachment":[{"href":"https:\/\/www.saloanoticias.com\/v1\/wp-json\/wp\/v2\/media?parent=7382"}],"wp:term":[{"taxonomy":"category","embeddable":true,"href":"https:\/\/www.saloanoticias.com\/v1\/wp-json\/wp\/v2\/categories?post=7382"},{"taxonomy":"post_tag","embeddable":true,"href":"https:\/\/www.saloanoticias.com\/v1\/wp-json\/wp\/v2\/tags?post=7382"}],"curies":[{"name":"wp","href":"https:\/\/api.w.org\/{rel}","templated":true}]}}