{"id":738,"date":"2014-03-14T12:06:08","date_gmt":"2014-03-14T12:06:08","guid":{"rendered":"https:\/\/saloanoticias.mrmediaweb.com\/v1\/2014\/03\/14\/saloa-apresentara-projeto-boutique-solidaria-em-congresso-da-amupe\/"},"modified":"2014-03-14T12:06:08","modified_gmt":"2014-03-14T12:06:08","slug":"saloa-apresentara-projeto-boutique-solidaria-em-congresso-da-amupe","status":"publish","type":"post","link":"https:\/\/www.saloanoticias.com\/v1\/saloa-apresentara-projeto-boutique-solidaria-em-congresso-da-amupe\/","title":{"rendered":"SALO\u00c1 APRESENTAR\u00c1 PROJETO BOUTIQUE SOLID\u00c1RIA EM CONGRESSO DA AMUPE"},"content":{"rendered":"<p align=\"justify\"><font size=\"3\" face=\"Arial\"><a href=\"http:\/\/www.saloanoticias.com\/images\/05---salo-boutique-solidria_b6be0e5a22a4f2544160e5eb5030dd9f.jpg\"><img loading=\"lazy\" decoding=\"async\" title=\"05 - Salo&aacute; boutique solid&aacute;ria\" style=\"border-top: 0px; border-right: 0px; background-image: none; border-bottom: 0px; float: none; padding-top: 0px; padding-left: 0px; margin: 0px auto 10px; border-left: 0px; display: block; padding-right: 0px\" border=\"0\" alt=\"05 - Salo&aacute; boutique solid&aacute;ria\" src=\"http:\/\/www.saloanoticias.com\/v1\/wp-content\/uploads\/imagens\/05---salo-boutique-solidria_thumb_01da8762ff5eb9016580dfd7b924af97.jpg\" width=\"500\" height=\"307\"><\/a>A Secretaria de Assist\u00eancia Social de Salo\u00e1 estar\u00e1 participando na pr\u00f3xima semana do Congresso da Associa\u00e7\u00e3o Municipalista de Pernambuco \u2013 Amupe. O evento que traz como tema \u201cO desenvolvimento dos munic\u00edpios sustenta o crescimento do Brasil\u201d, tem por objetivo reunir gestores p\u00fablicos municipais para promover o conhecimento e atualiza\u00e7\u00e3o de informa\u00e7\u00f5es em debates sobre assuntos relacionados ao desenvolvimento e fortalecimento dos munic\u00edpios.<\/font> <\/p>\n<p align=\"justify\"><font size=\"3\" face=\"Arial\">Segundo o secret\u00e1rio de Assist\u00eancia Social, Carlos Ouro Preto, uma equipe da Secretaria estar\u00e1 participando durante todo o evento, inclusive com um stand, onde ser\u00e3o expostas as potencialidades de Salo\u00e1, como o Turismo rural e o artesanato de Serrinha da Prata. O munic\u00edpio tamb\u00e9m est\u00e1 entre os 33 que ir\u00e3o apresentar suas pr\u00e1ticas de maior sucesso. A cidade de Salo\u00e1 est\u00e1 levando o projeto \u201cBoutique Solid\u00e1ria\u201d, a\u00e7\u00e3o que tamb\u00e9m concorre ao Selo Unicef .<\/font> <\/p>\n<p align=\"justify\"><font size=\"3\" face=\"Arial\">O Congresso Pernambucano dos Munic\u00edpios acontece de 17 a 19 de mar\u00e7o (pr\u00f3xima semana), no Centro de Conven\u00e7\u00f5es de Pernambuco. Ser\u00e3o tr\u00eas dias de intensa programa\u00e7\u00e3o com palestras sobre gest\u00e3o municipal sustent\u00e1vel, ano eleitoral, abuso de poder, ficha limpa e pacto federativo, entre outros temas.<\/font> <\/p>\n<p align=\"justify\"><font size=\"3\" face=\"Arial Black\">Fonte&nbsp; &#8211;&nbsp;&nbsp; Ascom\/Prefeitura de Salo\u00e1<\/font><\/p>\n<div style=\"margin-top: 0px; margin-bottom: 0px;\" class=\"sharethis-inline-share-buttons\" ><\/div>","protected":false},"excerpt":{"rendered":"<p>A Secretaria de Assist\u00eancia Social de Salo\u00e1 estar\u00e1 participando na pr\u00f3xima semana do Congresso da Associa\u00e7\u00e3o Municipalista de Pernambuco \u2013 Amupe. O evento que traz como tema \u201cO desenvolvimento dos munic\u00edpios sustenta o crescimento do Brasil\u201d, tem por objetivo reunir gestores p\u00fablicos municipais para promover o conhecimento e atualiza\u00e7\u00e3o de informa\u00e7\u00f5es em debates sobre assuntos [&hellip;]<\/p>\n","protected":false},"author":1,"featured_media":0,"comment_status":"open","ping_status":"open","sticky":false,"template":"","format":"standard","meta":{"footnotes":""},"categories":[2],"tags":[],"class_list":["post-738","post","type-post","status-publish","format-standard","hentry","category-noticias-do-dia"],"_links":{"self":[{"href":"https:\/\/www.saloanoticias.com\/v1\/wp-json\/wp\/v2\/posts\/738","targetHints":{"allow":["GET"]}}],"collection":[{"href":"https:\/\/www.saloanoticias.com\/v1\/wp-json\/wp\/v2\/posts"}],"about":[{"href":"https:\/\/www.saloanoticias.com\/v1\/wp-json\/wp\/v2\/types\/post"}],"author":[{"embeddable":true,"href":"https:\/\/www.saloanoticias.com\/v1\/wp-json\/wp\/v2\/users\/1"}],"replies":[{"embeddable":true,"href":"https:\/\/www.saloanoticias.com\/v1\/wp-json\/wp\/v2\/comments?post=738"}],"version-history":[{"count":0,"href":"https:\/\/www.saloanoticias.com\/v1\/wp-json\/wp\/v2\/posts\/738\/revisions"}],"wp:attachment":[{"href":"https:\/\/www.saloanoticias.com\/v1\/wp-json\/wp\/v2\/media?parent=738"}],"wp:term":[{"taxonomy":"category","embeddable":true,"href":"https:\/\/www.saloanoticias.com\/v1\/wp-json\/wp\/v2\/categories?post=738"},{"taxonomy":"post_tag","embeddable":true,"href":"https:\/\/www.saloanoticias.com\/v1\/wp-json\/wp\/v2\/tags?post=738"}],"curies":[{"name":"wp","href":"https:\/\/api.w.org\/{rel}","templated":true}]}}