{"id":737,"date":"2014-03-13T19:00:00","date_gmt":"2014-03-13T19:00:00","guid":{"rendered":"https:\/\/saloanoticias.mrmediaweb.com\/v1\/2014\/03\/13\/armando-quer-discutir-abastecimento-de-energia-para-o-nordeste\/"},"modified":"2014-03-13T19:00:00","modified_gmt":"2014-03-13T19:00:00","slug":"armando-quer-discutir-abastecimento-de-energia-para-o-nordeste","status":"publish","type":"post","link":"https:\/\/www.saloanoticias.com\/v1\/armando-quer-discutir-abastecimento-de-energia-para-o-nordeste\/","title":{"rendered":"ARMANDO QUER DISCUTIR ABASTECIMENTO DE ENERGIA PARA O NORDESTE"},"content":{"rendered":"<p align=\"justify\"><font size=\"3\" face=\"Arial\"><a href=\"http:\/\/www.saloanoticias.com\/images\/armando.jpg\"><img loading=\"lazy\" decoding=\"async\" title=\"Armando\" style=\"border-top: 0px; border-right: 0px; background-image: none; border-bottom: 0px; float: left; padding-top: 0px; padding-left: 0px; margin: 5px 5px 0px 0px; border-left: 0px; display: inline; padding-right: 0px\" border=\"0\" alt=\"Armando\" align=\"left\" src=\"http:\/\/www.saloanoticias.com\/v1\/wp-content\/uploads\/imagens\/armando_thumb.jpg\" width=\"208\" height=\"205\"><\/a>A Comiss\u00e3o de Assuntos Econ\u00f4micos do Senado (CAE) aprovou requerimento proposto pelo senador Armando Monteiro (PTB-PE) para realiza\u00e7\u00e3o de audi\u00eancia p\u00fablica que discutir\u00e1 a oferta de energia de base para o Nordeste. <\/font><font size=\"3\" face=\"Arial\">Segundo Armando, o Nordeste tem hoje uma grande depend\u00eancia porque importa do sistema interligado nacional 40% da energia. O senador defende que \u00e9 o momento de redefinir a matriz energ\u00e9tica da regi\u00e3o porque n\u00e3o h\u00e1 nenhuma forma de constrangimento f\u00edsico ao crescimento mais efetivo do que a indisponibilidade da oferta de energia.<\/font> <\/p>\n<p align=\"justify\"><font size=\"3\" face=\"Arial\">Para Armando, \u00e9 preciso, de forma previdente, discutir essas quest\u00f5es para n\u00e3o condenar a regi\u00e3o a uma esp\u00e9cie de estrangulamento do seu processo de crescimento. \u201cCreio que os especialistas indicados poder\u00e3o contribuir muito para o debate que se prop\u00f5e\u201d, disse. <\/font><font size=\"3\" face=\"Arial\">Entre os convidados indicado pelo senador, Altino Ventura, Secret\u00e1rio de Planejamento e Desenvolvimento Energ\u00e9tico do Minist\u00e9rio de Minas e Energia (MME); Jos\u00e9 de Freitas Mascarenhas, presidente do Conselho de Infraestrutura da Confedera\u00e7\u00e3o Nacional da Ind\u00fastria (CNI); Jos\u00e9 Antonio Feij\u00f3 de Melo, membro da ONG Ilumina Nordeste; Concei\u00e7\u00e3o Cavalcanti, consultora em Gest\u00e3o de Energia; Maur\u00edcio T. Tolmasquim, presidente da Empresa de Pesquisa Energ\u00e9tica; Romeu Donizete Rufino, Diretor-Geral da Ag\u00eancia Nacional de Energia El\u00e9trica (Aneel).<\/font> <\/p>\n<p align=\"justify\"><b><font size=\"3\" face=\"Arial Black\">Cr\u00e9dito da foto: Pedro Fran\u00e7a\/Ag\u00eancia Senado<\/font><\/b><\/p>\n<div style=\"margin-top: 0px; margin-bottom: 0px;\" class=\"sharethis-inline-share-buttons\" ><\/div>","protected":false},"excerpt":{"rendered":"<p>A Comiss\u00e3o de Assuntos Econ\u00f4micos do Senado (CAE) aprovou requerimento proposto pelo senador Armando Monteiro (PTB-PE) para realiza\u00e7\u00e3o de audi\u00eancia p\u00fablica que discutir\u00e1 a oferta de energia de base para o Nordeste. Segundo Armando, o Nordeste tem hoje uma grande depend\u00eancia porque importa do sistema interligado nacional 40% da energia. O senador defende que \u00e9 [&hellip;]<\/p>\n","protected":false},"author":1,"featured_media":0,"comment_status":"open","ping_status":"open","sticky":false,"template":"","format":"standard","meta":{"footnotes":""},"categories":[2],"tags":[],"class_list":["post-737","post","type-post","status-publish","format-standard","hentry","category-noticias-do-dia"],"_links":{"self":[{"href":"https:\/\/www.saloanoticias.com\/v1\/wp-json\/wp\/v2\/posts\/737","targetHints":{"allow":["GET"]}}],"collection":[{"href":"https:\/\/www.saloanoticias.com\/v1\/wp-json\/wp\/v2\/posts"}],"about":[{"href":"https:\/\/www.saloanoticias.com\/v1\/wp-json\/wp\/v2\/types\/post"}],"author":[{"embeddable":true,"href":"https:\/\/www.saloanoticias.com\/v1\/wp-json\/wp\/v2\/users\/1"}],"replies":[{"embeddable":true,"href":"https:\/\/www.saloanoticias.com\/v1\/wp-json\/wp\/v2\/comments?post=737"}],"version-history":[{"count":0,"href":"https:\/\/www.saloanoticias.com\/v1\/wp-json\/wp\/v2\/posts\/737\/revisions"}],"wp:attachment":[{"href":"https:\/\/www.saloanoticias.com\/v1\/wp-json\/wp\/v2\/media?parent=737"}],"wp:term":[{"taxonomy":"category","embeddable":true,"href":"https:\/\/www.saloanoticias.com\/v1\/wp-json\/wp\/v2\/categories?post=737"},{"taxonomy":"post_tag","embeddable":true,"href":"https:\/\/www.saloanoticias.com\/v1\/wp-json\/wp\/v2\/tags?post=737"}],"curies":[{"name":"wp","href":"https:\/\/api.w.org\/{rel}","templated":true}]}}