{"id":736,"date":"2014-03-13T14:00:00","date_gmt":"2014-03-13T14:00:00","guid":{"rendered":"https:\/\/saloanoticias.mrmediaweb.com\/v1\/2014\/03\/13\/coordenadoria-da-mulher-em-saloa-realiza-mutirao-de-beleza-e-cidadania\/"},"modified":"2014-03-13T14:00:00","modified_gmt":"2014-03-13T14:00:00","slug":"coordenadoria-da-mulher-em-saloa-realiza-mutirao-de-beleza-e-cidadania","status":"publish","type":"post","link":"https:\/\/www.saloanoticias.com\/v1\/coordenadoria-da-mulher-em-saloa-realiza-mutirao-de-beleza-e-cidadania\/","title":{"rendered":"COORDENADORIA DA MULHER EM SALO\u00c1 REALIZOU MUTIR\u00c3O DE CIDADANIA"},"content":{"rendered":"<p align=\"justify\"><font size=\"3\" face=\"Arial\"><a href=\"http:\/\/www.saloanoticias.com\/images\/semana-da-mulher-01.jpg\"><img loading=\"lazy\" decoding=\"async\" title=\"semana da mulher 01\" style=\"border-left-width: 0px; border-right-width: 0px; background-image: none; border-bottom-width: 0px; float: none; padding-top: 0px; padding-left: 0px; margin: 0px auto 10px; display: block; padding-right: 0px; border-top-width: 0px\" border=\"0\" alt=\"semana da mulher 01\" src=\"http:\/\/www.saloanoticias.com\/v1\/wp-content\/uploads\/imagens\/semana-da-mulher-01_thumb.jpg\" width=\"512\" height=\"341\"><\/a>Muita festa e alegria marcou ontem (12) o encerramento da Semana da Mulher. Promovido pela Secretaria de Assist\u00eancia Social de Salo\u00e1, atrav\u00e9s da Coordenadoria da Mulher, o evento trouxe para a Pra\u00e7a S\u00e3o Vicente um mutir\u00e3o de a\u00e7\u00f5es voltadas \u00e0 este segmento feminino. Elas receberam servi\u00e7os de manicure, corte de cabelo, massagem, aferi\u00e7\u00e3o de press\u00e3o arterial, teste de glicemia entre outros. Foi um mutir\u00e3o de beleza e cidadania.<\/font>  <\/p>\n<p align=\"justify\"><font size=\"3\" face=\"Arial\">Durante toda esta semana a Coordenadoria da Mulher, que tem \u00e0 frente Mar\u00edlia, esteve empenhada na realiza\u00e7\u00e3o de palestras, buscando sensibilizar e conscientizar \u00e0 popula\u00e7\u00e3o para a efetiva\u00e7\u00e3o de pol\u00edticas p\u00fablicas que garantam seguran\u00e7a e bem estar \u00e0s mulheres do munic\u00edpio. A campanha \u201cViol\u00eancia contra a mulher \u00e9 jogo sujo\u201d, teve in\u00edcio no domingo (09\/03) e contou com a advogada Andreza Souza e Selma Mello como palestrantes, al\u00e9m do apoio das Secretarias de Sa\u00fade e Educa\u00e7\u00e3o.<\/font>  <\/p>\n<p align=\"justify\"><font size=\"3\" face=\"Arial\">\u201cAs pol\u00edticas p\u00fablicas voltadas para as mulheres aqui em Salo\u00e1 t\u00eam sido vista como fator primordial para o fortalecimento dos v\u00ednculos familiares. Nesta campanha que marcou as comemora\u00e7\u00f5es do dia mulher percebemos o quanto \u00e9 importante o cuidado com sa\u00fade e beleza feminina\u201d. Destacou a Coordenadora Mar\u00edlia.<\/font>  <\/p>\n<p align=\"justify\"><font size=\"3\" face=\"Arial Black\">Fonte&nbsp; &#8211;&nbsp; Ascom\/Prefeitura de Salo\u00e1<\/font><\/p>\n<div style=\"margin-top: 0px; margin-bottom: 0px;\" class=\"sharethis-inline-share-buttons\" ><\/div>","protected":false},"excerpt":{"rendered":"<p>Muita festa e alegria marcou ontem (12) o encerramento da Semana da Mulher. Promovido pela Secretaria de Assist\u00eancia Social de Salo\u00e1, atrav\u00e9s da Coordenadoria da Mulher, o evento trouxe para a Pra\u00e7a S\u00e3o Vicente um mutir\u00e3o de a\u00e7\u00f5es voltadas \u00e0 este segmento feminino. Elas receberam servi\u00e7os de manicure, corte de cabelo, massagem, aferi\u00e7\u00e3o de press\u00e3o [&hellip;]<\/p>\n","protected":false},"author":1,"featured_media":0,"comment_status":"open","ping_status":"open","sticky":false,"template":"","format":"standard","meta":{"footnotes":""},"categories":[2],"tags":[],"class_list":["post-736","post","type-post","status-publish","format-standard","hentry","category-noticias-do-dia"],"_links":{"self":[{"href":"https:\/\/www.saloanoticias.com\/v1\/wp-json\/wp\/v2\/posts\/736","targetHints":{"allow":["GET"]}}],"collection":[{"href":"https:\/\/www.saloanoticias.com\/v1\/wp-json\/wp\/v2\/posts"}],"about":[{"href":"https:\/\/www.saloanoticias.com\/v1\/wp-json\/wp\/v2\/types\/post"}],"author":[{"embeddable":true,"href":"https:\/\/www.saloanoticias.com\/v1\/wp-json\/wp\/v2\/users\/1"}],"replies":[{"embeddable":true,"href":"https:\/\/www.saloanoticias.com\/v1\/wp-json\/wp\/v2\/comments?post=736"}],"version-history":[{"count":0,"href":"https:\/\/www.saloanoticias.com\/v1\/wp-json\/wp\/v2\/posts\/736\/revisions"}],"wp:attachment":[{"href":"https:\/\/www.saloanoticias.com\/v1\/wp-json\/wp\/v2\/media?parent=736"}],"wp:term":[{"taxonomy":"category","embeddable":true,"href":"https:\/\/www.saloanoticias.com\/v1\/wp-json\/wp\/v2\/categories?post=736"},{"taxonomy":"post_tag","embeddable":true,"href":"https:\/\/www.saloanoticias.com\/v1\/wp-json\/wp\/v2\/tags?post=736"}],"curies":[{"name":"wp","href":"https:\/\/api.w.org\/{rel}","templated":true}]}}