{"id":7359,"date":"2019-03-22T20:15:34","date_gmt":"2019-03-22T20:15:34","guid":{"rendered":"https:\/\/saloanoticias.com\/v1\/?p=7359"},"modified":"2019-03-22T20:28:07","modified_gmt":"2019-03-22T20:28:07","slug":"premio-melhores-do-ano-2018-confira-a-2a-parte-das-fotos","status":"publish","type":"post","link":"https:\/\/www.saloanoticias.com\/v1\/premio-melhores-do-ano-2018-confira-a-2a-parte-das-fotos\/","title":{"rendered":"PR\u00caMIO MELHORES DO ANO 2018: CONFIRA A 2\u00aa PARTE DAS FOTOS"},"content":{"rendered":"<p><img loading=\"lazy\" decoding=\"async\" class=\"aligncenter wp-image-7365\" src=\"https:\/\/saloanoticias.com\/v1\/wp-content\/uploads\/2019\/03\/melhores-saloa-18-1.gif\" alt=\"\" width=\"966\" height=\"639\" \/>Confira a segunda parte das fotos do pr\u00eamio &#8220;Melhores do Ano de 2018 na cidade de Salo\u00e1&#8221;, evento realizado na \u00faltima quarta (20) no CCI que contou com a presen\u00e7a de dezenas de empres\u00e1rios, pol\u00edticos e comerciantes. O evento foi organizado pela empresa 7 Sinais e a R\u00e1dio Saloaense FM.<\/p>\n<div style=\"margin-top: 0px; margin-bottom: 0px;\" class=\"sharethis-inline-share-buttons\" ><\/div>","protected":false},"excerpt":{"rendered":"<p>Confira a segunda parte das fotos do pr\u00eamio &#8220;Melhores do Ano de 2018 na cidade de Salo\u00e1&#8221;, evento realizado na \u00faltima quarta (20) no CCI que contou com a presen\u00e7a de dezenas de empres\u00e1rios, pol\u00edticos e comerciantes. O evento foi organizado pela empresa 7 Sinais e a R\u00e1dio Saloaense FM.<\/p>\n","protected":false},"author":2,"featured_media":7363,"comment_status":"open","ping_status":"open","sticky":false,"template":"","format":"standard","meta":{"footnotes":""},"categories":[2],"tags":[],"class_list":["post-7359","post","type-post","status-publish","format-standard","has-post-thumbnail","hentry","category-noticias-do-dia"],"_links":{"self":[{"href":"https:\/\/www.saloanoticias.com\/v1\/wp-json\/wp\/v2\/posts\/7359","targetHints":{"allow":["GET"]}}],"collection":[{"href":"https:\/\/www.saloanoticias.com\/v1\/wp-json\/wp\/v2\/posts"}],"about":[{"href":"https:\/\/www.saloanoticias.com\/v1\/wp-json\/wp\/v2\/types\/post"}],"author":[{"embeddable":true,"href":"https:\/\/www.saloanoticias.com\/v1\/wp-json\/wp\/v2\/users\/2"}],"replies":[{"embeddable":true,"href":"https:\/\/www.saloanoticias.com\/v1\/wp-json\/wp\/v2\/comments?post=7359"}],"version-history":[{"count":4,"href":"https:\/\/www.saloanoticias.com\/v1\/wp-json\/wp\/v2\/posts\/7359\/revisions"}],"predecessor-version":[{"id":7367,"href":"https:\/\/www.saloanoticias.com\/v1\/wp-json\/wp\/v2\/posts\/7359\/revisions\/7367"}],"wp:featuredmedia":[{"embeddable":true,"href":"https:\/\/www.saloanoticias.com\/v1\/wp-json\/wp\/v2\/media\/7363"}],"wp:attachment":[{"href":"https:\/\/www.saloanoticias.com\/v1\/wp-json\/wp\/v2\/media?parent=7359"}],"wp:term":[{"taxonomy":"category","embeddable":true,"href":"https:\/\/www.saloanoticias.com\/v1\/wp-json\/wp\/v2\/categories?post=7359"},{"taxonomy":"post_tag","embeddable":true,"href":"https:\/\/www.saloanoticias.com\/v1\/wp-json\/wp\/v2\/tags?post=7359"}],"curies":[{"name":"wp","href":"https:\/\/api.w.org\/{rel}","templated":true}]}}