{"id":7352,"date":"2019-03-22T01:09:34","date_gmt":"2019-03-22T01:09:34","guid":{"rendered":"https:\/\/saloanoticias.com\/v1\/?p=7352"},"modified":"2019-03-22T02:04:07","modified_gmt":"2019-03-22T02:04:07","slug":"fortes-chuvas-e-ventos-derrubam-varias-arvores-na-zona-rural-de-saloa","status":"publish","type":"post","link":"https:\/\/www.saloanoticias.com\/v1\/fortes-chuvas-e-ventos-derrubam-varias-arvores-na-zona-rural-de-saloa\/","title":{"rendered":"FORTES CHUVAS E VENTOS DERRUBAM V\u00c1RIAS \u00c1RVORES NA ZONA RURAL DE SALO\u00c1"},"content":{"rendered":"<p><img loading=\"lazy\" decoding=\"async\" width=\"1280\" height=\"960\" class=\"aligncenter size-full wp-image-7353\" src=\"https:\/\/saloanoticias.com\/v1\/wp-content\/uploads\/2019\/03\/ventos-saloa.jpeg\" alt=\"\" srcset=\"https:\/\/www.saloanoticias.com\/v1\/wp-content\/uploads\/2019\/03\/ventos-saloa.jpeg 1280w, https:\/\/www.saloanoticias.com\/v1\/wp-content\/uploads\/2019\/03\/ventos-saloa-300x225.jpeg 300w, https:\/\/www.saloanoticias.com\/v1\/wp-content\/uploads\/2019\/03\/ventos-saloa-1024x768.jpeg 1024w, https:\/\/www.saloanoticias.com\/v1\/wp-content\/uploads\/2019\/03\/ventos-saloa-768x576.jpeg 768w\" sizes=\"auto, (max-width: 1280px) 100vw, 1280px\" \/>As chuvas que vem caindo no Munic\u00edpio de Salo\u00e1\/PE misturadas com fortes ventanias t\u00eam causado a queda de v\u00e1rias \u00e1rvores na zona rural, principalmente na regi\u00e3o do s\u00edtio Pau Ferro e adjac\u00eancias. As imagens desta mat\u00e9ria foram capturadas pela reda\u00e7\u00e3o do nosso Blog na tarde de quarta-feira (20) e causou surpresa pela quantidade de galhos ca\u00eddos nas estradas. Na primeira imagem, vemos a \u00e1rvore no ch\u00e3o exatamente no meio da estrada que liga o Pau Ferro ao s\u00edtio Baixa do Tanque. Populares que passavam no local e viam que a rodagem estava totalmente intransit\u00e1vel entraram em contato com a Secretaria de Obras da Prefeitura para solucionar o problema, que de imediato foi resolvido. Nos \u00faltimos dias tem ocorrido pancadas fortes de chuvas no Munic\u00edpio e tem animado os agricultores, apesar dos pequenos transtornos.<\/p>\n<p><img loading=\"lazy\" decoding=\"async\" width=\"1280\" height=\"960\" class=\"aligncenter size-full wp-image-7355\" src=\"https:\/\/saloanoticias.com\/v1\/wp-content\/uploads\/2019\/03\/chuvas-saloa.jpeg\" alt=\"\" srcset=\"https:\/\/www.saloanoticias.com\/v1\/wp-content\/uploads\/2019\/03\/chuvas-saloa.jpeg 1280w, https:\/\/www.saloanoticias.com\/v1\/wp-content\/uploads\/2019\/03\/chuvas-saloa-300x225.jpeg 300w, https:\/\/www.saloanoticias.com\/v1\/wp-content\/uploads\/2019\/03\/chuvas-saloa-1024x768.jpeg 1024w, https:\/\/www.saloanoticias.com\/v1\/wp-content\/uploads\/2019\/03\/chuvas-saloa-768x576.jpeg 768w\" sizes=\"auto, (max-width: 1280px) 100vw, 1280px\" \/><\/p>\n<p><img loading=\"lazy\" decoding=\"async\" width=\"1280\" height=\"960\" class=\"aligncenter size-full wp-image-7354\" src=\"https:\/\/saloanoticias.com\/v1\/wp-content\/uploads\/2019\/03\/ventos-saloa2.jpeg\" alt=\"\" srcset=\"https:\/\/www.saloanoticias.com\/v1\/wp-content\/uploads\/2019\/03\/ventos-saloa2.jpeg 1280w, https:\/\/www.saloanoticias.com\/v1\/wp-content\/uploads\/2019\/03\/ventos-saloa2-300x225.jpeg 300w, https:\/\/www.saloanoticias.com\/v1\/wp-content\/uploads\/2019\/03\/ventos-saloa2-1024x768.jpeg 1024w, https:\/\/www.saloanoticias.com\/v1\/wp-content\/uploads\/2019\/03\/ventos-saloa2-768x576.jpeg 768w\" sizes=\"auto, (max-width: 1280px) 100vw, 1280px\" \/><\/p>\n<div style=\"margin-top: 0px; margin-bottom: 0px;\" class=\"sharethis-inline-share-buttons\" ><\/div>","protected":false},"excerpt":{"rendered":"<p>As chuvas que vem caindo no Munic\u00edpio de Salo\u00e1\/PE misturadas com fortes ventanias t\u00eam causado a queda de v\u00e1rias \u00e1rvores na zona rural, principalmente na regi\u00e3o do s\u00edtio Pau Ferro e adjac\u00eancias. As imagens desta mat\u00e9ria foram capturadas pela reda\u00e7\u00e3o do nosso Blog na tarde de quarta-feira (20) e causou surpresa pela quantidade de galhos [&hellip;]<\/p>\n","protected":false},"author":2,"featured_media":7353,"comment_status":"open","ping_status":"open","sticky":false,"template":"","format":"standard","meta":{"footnotes":""},"categories":[2],"tags":[],"class_list":["post-7352","post","type-post","status-publish","format-standard","has-post-thumbnail","hentry","category-noticias-do-dia"],"_links":{"self":[{"href":"https:\/\/www.saloanoticias.com\/v1\/wp-json\/wp\/v2\/posts\/7352","targetHints":{"allow":["GET"]}}],"collection":[{"href":"https:\/\/www.saloanoticias.com\/v1\/wp-json\/wp\/v2\/posts"}],"about":[{"href":"https:\/\/www.saloanoticias.com\/v1\/wp-json\/wp\/v2\/types\/post"}],"author":[{"embeddable":true,"href":"https:\/\/www.saloanoticias.com\/v1\/wp-json\/wp\/v2\/users\/2"}],"replies":[{"embeddable":true,"href":"https:\/\/www.saloanoticias.com\/v1\/wp-json\/wp\/v2\/comments?post=7352"}],"version-history":[{"count":3,"href":"https:\/\/www.saloanoticias.com\/v1\/wp-json\/wp\/v2\/posts\/7352\/revisions"}],"predecessor-version":[{"id":7358,"href":"https:\/\/www.saloanoticias.com\/v1\/wp-json\/wp\/v2\/posts\/7352\/revisions\/7358"}],"wp:featuredmedia":[{"embeddable":true,"href":"https:\/\/www.saloanoticias.com\/v1\/wp-json\/wp\/v2\/media\/7353"}],"wp:attachment":[{"href":"https:\/\/www.saloanoticias.com\/v1\/wp-json\/wp\/v2\/media?parent=7352"}],"wp:term":[{"taxonomy":"category","embeddable":true,"href":"https:\/\/www.saloanoticias.com\/v1\/wp-json\/wp\/v2\/categories?post=7352"},{"taxonomy":"post_tag","embeddable":true,"href":"https:\/\/www.saloanoticias.com\/v1\/wp-json\/wp\/v2\/tags?post=7352"}],"curies":[{"name":"wp","href":"https:\/\/api.w.org\/{rel}","templated":true}]}}