{"id":735,"date":"2014-03-13T11:09:56","date_gmt":"2014-03-13T11:09:56","guid":{"rendered":"https:\/\/saloanoticias.mrmediaweb.com\/v1\/2014\/03\/13\/governador-visita-garanhuns-e-bom-conselhor-nesta-quinta\/"},"modified":"2014-03-13T11:09:56","modified_gmt":"2014-03-13T11:09:56","slug":"governador-visita-garanhuns-e-bom-conselhor-nesta-quinta","status":"publish","type":"post","link":"https:\/\/www.saloanoticias.com\/v1\/governador-visita-garanhuns-e-bom-conselhor-nesta-quinta\/","title":{"rendered":"GOVERNADOR VISITA GARANHUNS E BOM CONSELHO NESTA QUINTA"},"content":{"rendered":"<p align=\"justify\"><font size=\"3\" face=\"Arial\"><a href=\"http:\/\/www.saloanoticias.com\/images\/eduardo-e-marina_e0c10061f2a31c941682d1590be9b2fb.jpg\"><img loading=\"lazy\" decoding=\"async\" title=\"Eduardo e Marina\" style=\"border-top: 0px; border-right: 0px; background-image: none; border-bottom: 0px; float: left; padding-top: 0px; padding-left: 0px; margin: 5px 5px 0px 0px; border-left: 0px; display: inline; padding-right: 0px\" border=\"0\" alt=\"Eduardo e Marina\" align=\"left\" src=\"http:\/\/www.saloanoticias.com\/v1\/wp-content\/uploads\/imagens\/eduardo-e-marina_thumb_373468950c681cdfc01241e97859c8ce.jpg\" width=\"240\" height=\"180\"><\/a>O Governador Eduardo Campos chega logo mais, \u00e0s h11:00, \u00e0 cidade de Bom Conselho, onde inaugura o A\u00e7ude da Na\u00e7\u00e3o e lan\u00e7a o Programa Terra Pronta e Distribui\u00e7\u00e3o de Sementes para o Agreste. Eduardo e sua comitiva sao esperados no Parque de Exposi\u00e7\u00f5es, que fica localizado ao lado do A\u00e7ude da Na\u00e7\u00e3o. Ele tamb\u00e9m dever\u00e1 inaugurar a reforma da Escola Coronel Jos\u00e9 Ab\u00edlio, a Pavimenta\u00e7\u00e3o da rua Manoel Bandeira e o Centro de Conviv\u00eancia de Idosos. A comitiva governamental, visitar\u00e1 ainda o canteiro de obras vicinais do Distrito Rainha Isabel e a constru\u00e7\u00e3o da Escola T\u00e9cnica Estadual.<\/font> <\/p>\n<p align=\"justify\"><font size=\"3\" face=\"Arial\">De Bom Conselho o Governador segue para Garanhuns, onde dar\u00e1 entrevista Coletiva para a Imprensa, \u00e0s h16:30, no hotel Tavares Correia. Em seguida visitar\u00e1 as obras de esgotamento sanit\u00e1rio da Compesa na Vila Lacerd\u00f3polis e inaugurar\u00e1 a Reforma do Hospital Dom Moura, retornando \u00e0s h19:30 para Recife.<\/font> <\/p>\n<p align=\"justify\"><font size=\"3\" face=\"Arial Black\">Fonte&nbsp; &#8211;&nbsp; Blog do Geraldo Mouret<\/font><\/p>\n<div style=\"margin-top: 0px; margin-bottom: 0px;\" class=\"sharethis-inline-share-buttons\" ><\/div>","protected":false},"excerpt":{"rendered":"<p>O Governador Eduardo Campos chega logo mais, \u00e0s h11:00, \u00e0 cidade de Bom Conselho, onde inaugura o A\u00e7ude da Na\u00e7\u00e3o e lan\u00e7a o Programa Terra Pronta e Distribui\u00e7\u00e3o de Sementes para o Agreste. Eduardo e sua comitiva sao esperados no Parque de Exposi\u00e7\u00f5es, que fica localizado ao lado do A\u00e7ude da Na\u00e7\u00e3o. Ele tamb\u00e9m dever\u00e1 [&hellip;]<\/p>\n","protected":false},"author":1,"featured_media":0,"comment_status":"open","ping_status":"open","sticky":false,"template":"","format":"standard","meta":{"footnotes":""},"categories":[2],"tags":[],"class_list":["post-735","post","type-post","status-publish","format-standard","hentry","category-noticias-do-dia"],"_links":{"self":[{"href":"https:\/\/www.saloanoticias.com\/v1\/wp-json\/wp\/v2\/posts\/735","targetHints":{"allow":["GET"]}}],"collection":[{"href":"https:\/\/www.saloanoticias.com\/v1\/wp-json\/wp\/v2\/posts"}],"about":[{"href":"https:\/\/www.saloanoticias.com\/v1\/wp-json\/wp\/v2\/types\/post"}],"author":[{"embeddable":true,"href":"https:\/\/www.saloanoticias.com\/v1\/wp-json\/wp\/v2\/users\/1"}],"replies":[{"embeddable":true,"href":"https:\/\/www.saloanoticias.com\/v1\/wp-json\/wp\/v2\/comments?post=735"}],"version-history":[{"count":0,"href":"https:\/\/www.saloanoticias.com\/v1\/wp-json\/wp\/v2\/posts\/735\/revisions"}],"wp:attachment":[{"href":"https:\/\/www.saloanoticias.com\/v1\/wp-json\/wp\/v2\/media?parent=735"}],"wp:term":[{"taxonomy":"category","embeddable":true,"href":"https:\/\/www.saloanoticias.com\/v1\/wp-json\/wp\/v2\/categories?post=735"},{"taxonomy":"post_tag","embeddable":true,"href":"https:\/\/www.saloanoticias.com\/v1\/wp-json\/wp\/v2\/tags?post=735"}],"curies":[{"name":"wp","href":"https:\/\/api.w.org\/{rel}","templated":true}]}}