{"id":734,"date":"2014-03-12T23:15:51","date_gmt":"2014-03-12T23:15:51","guid":{"rendered":"https:\/\/saloanoticias.mrmediaweb.com\/v1\/2014\/03\/12\/saloa-recebera-mais-uma-medica-cubana-pelo-mais-medicos\/"},"modified":"2014-03-12T23:15:51","modified_gmt":"2014-03-12T23:15:51","slug":"saloa-recebera-mais-uma-medica-cubana-pelo-mais-medicos","status":"publish","type":"post","link":"https:\/\/www.saloanoticias.com\/v1\/saloa-recebera-mais-uma-medica-cubana-pelo-mais-medicos\/","title":{"rendered":"SALO\u00c1 GANHA MAIS UMA M\u00c9DICA CUBANA PELO MAIS M\u00c9DICOS"},"content":{"rendered":"<p align=\"justify\"><font size=\"3\" face=\"Arial\"><a href=\"http:\/\/www.saloanoticias.com\/images\/mais-mdicos.jpg\"><img loading=\"lazy\" decoding=\"async\" title=\"Mais M&eacute;dicos\" style=\"border-top: 0px; border-right: 0px; background-image: none; border-bottom: 0px; float: left; padding-top: 0px; padding-left: 0px; margin: 5px 5px 0px 0px; border-left: 0px; display: inline; padding-right: 0px\" border=\"0\" alt=\"Mais M&eacute;dicos\" align=\"left\" src=\"http:\/\/www.saloanoticias.com\/v1\/wp-content\/uploads\/imagens\/mais-mdicos_thumb.jpg\" width=\"240\" height=\"148\"><\/a>Mais uma \u00f3tima not\u00edcia para a popula\u00e7\u00e3o saloaense. \u00c9 que esta semana chegar\u00e1 em Salo\u00e1 mais uma m\u00e9dica cubana que vem ao munic\u00edpio pelo programa do governo federal \u201cMais M\u00e9dicos\u201d. Essa \u00e9 mais uma conquista com o dedo do prefeito Ricardo Alves que desde que assumiu os destinos da cidade n\u00e3o para de buscar benef\u00edcios para o povo, seja na esfera federal ao estadual. Amanh\u00e3 publicaremos uma mat\u00e9ria especial sobre esse assunto com os detalhes sobre esta profissional de que se juntar\u00e1 as Dras. <\/font><font size=\"3\" face=\"Arial\">Madelaine de Roccio e Maria Eug\u00eania, ambas cubanas e que j\u00e1 esta\u00e3o em plena atividade em Salo\u00e1. <\/font><\/p>\n<p align=\"justify\"><font size=\"3\" face=\"Arial\">Vale lembrar que na visita do ministro interino na \u00e9poca, e agora coordenador geral do \u201cMais M\u00e9dicos\u201d, Sr. Mozart Salles, o prefeito solicitou a presen\u00e7a de mais um profissional vindo de Cuba, o que foi de fato atendido. Que mais esta m\u00e9dica seja bem-vinda !<\/font><\/p>\n<div style=\"margin-top: 0px; margin-bottom: 0px;\" class=\"sharethis-inline-share-buttons\" ><\/div>","protected":false},"excerpt":{"rendered":"<p>Mais uma \u00f3tima not\u00edcia para a popula\u00e7\u00e3o saloaense. \u00c9 que esta semana chegar\u00e1 em Salo\u00e1 mais uma m\u00e9dica cubana que vem ao munic\u00edpio pelo programa do governo federal \u201cMais M\u00e9dicos\u201d. Essa \u00e9 mais uma conquista com o dedo do prefeito Ricardo Alves que desde que assumiu os destinos da cidade n\u00e3o para de buscar benef\u00edcios [&hellip;]<\/p>\n","protected":false},"author":1,"featured_media":0,"comment_status":"open","ping_status":"open","sticky":false,"template":"","format":"standard","meta":{"footnotes":""},"categories":[2],"tags":[],"class_list":["post-734","post","type-post","status-publish","format-standard","hentry","category-noticias-do-dia"],"_links":{"self":[{"href":"https:\/\/www.saloanoticias.com\/v1\/wp-json\/wp\/v2\/posts\/734","targetHints":{"allow":["GET"]}}],"collection":[{"href":"https:\/\/www.saloanoticias.com\/v1\/wp-json\/wp\/v2\/posts"}],"about":[{"href":"https:\/\/www.saloanoticias.com\/v1\/wp-json\/wp\/v2\/types\/post"}],"author":[{"embeddable":true,"href":"https:\/\/www.saloanoticias.com\/v1\/wp-json\/wp\/v2\/users\/1"}],"replies":[{"embeddable":true,"href":"https:\/\/www.saloanoticias.com\/v1\/wp-json\/wp\/v2\/comments?post=734"}],"version-history":[{"count":0,"href":"https:\/\/www.saloanoticias.com\/v1\/wp-json\/wp\/v2\/posts\/734\/revisions"}],"wp:attachment":[{"href":"https:\/\/www.saloanoticias.com\/v1\/wp-json\/wp\/v2\/media?parent=734"}],"wp:term":[{"taxonomy":"category","embeddable":true,"href":"https:\/\/www.saloanoticias.com\/v1\/wp-json\/wp\/v2\/categories?post=734"},{"taxonomy":"post_tag","embeddable":true,"href":"https:\/\/www.saloanoticias.com\/v1\/wp-json\/wp\/v2\/tags?post=734"}],"curies":[{"name":"wp","href":"https:\/\/api.w.org\/{rel}","templated":true}]}}