{"id":7331,"date":"2019-03-21T16:56:33","date_gmt":"2019-03-21T16:56:33","guid":{"rendered":"https:\/\/saloanoticias.com\/v1\/?p=7331"},"modified":"2019-03-21T16:57:42","modified_gmt":"2019-03-21T16:57:42","slug":"ex-presidente-michel-temer-e-preso-pela-lava-jato","status":"publish","type":"post","link":"https:\/\/www.saloanoticias.com\/v1\/ex-presidente-michel-temer-e-preso-pela-lava-jato\/","title":{"rendered":"LAVA-JATO: EX-PRESIDENTE MICHEL TEMER \u00c9 PRESO EM S\u00c3O PAULO"},"content":{"rendered":"<p><img loading=\"lazy\" decoding=\"async\" width=\"980\" height=\"604\" class=\"aligncenter size-full wp-image-7332\" src=\"https:\/\/saloanoticias.com\/v1\/wp-content\/uploads\/2019\/03\/temer-preso.jpg\" alt=\"\" srcset=\"https:\/\/www.saloanoticias.com\/v1\/wp-content\/uploads\/2019\/03\/temer-preso.jpg 980w, https:\/\/www.saloanoticias.com\/v1\/wp-content\/uploads\/2019\/03\/temer-preso-300x185.jpg 300w, https:\/\/www.saloanoticias.com\/v1\/wp-content\/uploads\/2019\/03\/temer-preso-768x473.jpg 768w\" sizes=\"auto, (max-width: 980px) 100vw, 980px\" \/>O ex-presidente Michel Temer foi preso em S\u00e3o Paulo na manh\u00e3 desta quinta-feira (21) pela for\u00e7a-tarefa da Lava Jato do Rio de Janeiro. Os agentes tamb\u00e9m prenderam o ex-ministro Moreira Franco no Rio e o coronel Jo\u00e3o Baptista Lima Filho, amigo de Temer. A PF cumpre, ao todo, 10 mandados de pris\u00e3o. Temer falou por telefone ao jornalista Kennedy Alencar, da CBN, no momento em que havia sido preso. O\u00a0<a href=\"http:\/\/cbn.globoradio.globo.com\/media\/audio\/253013\/e-uma-barbaridade-disse-temer-por-telefone-ao-jorn.htm\">ex-presidente afirmou que a pris\u00e3o &#8220;\u00e9 uma barbaridade&#8221;<\/a>.<\/p>\n<p>Temer foi abordado por policiais federais na rua, em S\u00e3o Paulo. Desde quarta-feira (20), a PF tentava rastrear e confirmar a localiza\u00e7\u00e3o de Temer, sem ter sucesso. Por isso, a opera\u00e7\u00e3o prevista para as primeiras horas da manh\u00e3 desta quinta-feira atrasou. A PF estava na porta da casa de Temer e, ao perceber a sa\u00edda de um carro do local, seguiu o ve\u00edculo e realizou a pris\u00e3o. Preso, Temer foi levado para o Aeroporto de Guarulhos, onde vai embarcar em um voo e ser\u00e1 levado ao Rio de Janeiro em um avi\u00e3o da Pol\u00edcia Federal.<\/p>\n<p>Por telefone, o advogado de Temer, Brian Prado afirmou que ainda est\u00e1 estudando a decis\u00e3o e n\u00e3o tem como fazer nenhuma avalia\u00e7\u00e3o sobre o caso. Cristiano Benzota, advogado de defesa do Coronel Lima, disse por telefone que n\u00e3o vai falar nada por enquanto. A pris\u00e3o de Temer \u00e9 preventiva, ou seja, com prazo indeterminado. Ao todo s\u00e3o dez mandados de pris\u00e3o: duas tempor\u00e1rias (com prazo de cinco dias) e oito preventivas. Agentes tamb\u00e9m cumprem 26 mandados de busca e apreens\u00e3o no Rio de Janeiro, em S\u00e3o Paulo, no Paran\u00e1 e no Distrito Federal. <em>Fonte: Globo.com<\/em><\/p>\n<div style=\"margin-top: 0px; margin-bottom: 0px;\" class=\"sharethis-inline-share-buttons\" ><\/div>","protected":false},"excerpt":{"rendered":"<p>O ex-presidente Michel Temer foi preso em S\u00e3o Paulo na manh\u00e3 desta quinta-feira (21) pela for\u00e7a-tarefa da Lava Jato do Rio de Janeiro. Os agentes tamb\u00e9m prenderam o ex-ministro Moreira Franco no Rio e o coronel Jo\u00e3o Baptista Lima Filho, amigo de Temer. A PF cumpre, ao todo, 10 mandados de pris\u00e3o. Temer falou por [&hellip;]<\/p>\n","protected":false},"author":2,"featured_media":7332,"comment_status":"open","ping_status":"open","sticky":false,"template":"","format":"standard","meta":{"footnotes":""},"categories":[2],"tags":[],"class_list":["post-7331","post","type-post","status-publish","format-standard","has-post-thumbnail","hentry","category-noticias-do-dia"],"_links":{"self":[{"href":"https:\/\/www.saloanoticias.com\/v1\/wp-json\/wp\/v2\/posts\/7331","targetHints":{"allow":["GET"]}}],"collection":[{"href":"https:\/\/www.saloanoticias.com\/v1\/wp-json\/wp\/v2\/posts"}],"about":[{"href":"https:\/\/www.saloanoticias.com\/v1\/wp-json\/wp\/v2\/types\/post"}],"author":[{"embeddable":true,"href":"https:\/\/www.saloanoticias.com\/v1\/wp-json\/wp\/v2\/users\/2"}],"replies":[{"embeddable":true,"href":"https:\/\/www.saloanoticias.com\/v1\/wp-json\/wp\/v2\/comments?post=7331"}],"version-history":[{"count":3,"href":"https:\/\/www.saloanoticias.com\/v1\/wp-json\/wp\/v2\/posts\/7331\/revisions"}],"predecessor-version":[{"id":7335,"href":"https:\/\/www.saloanoticias.com\/v1\/wp-json\/wp\/v2\/posts\/7331\/revisions\/7335"}],"wp:featuredmedia":[{"embeddable":true,"href":"https:\/\/www.saloanoticias.com\/v1\/wp-json\/wp\/v2\/media\/7332"}],"wp:attachment":[{"href":"https:\/\/www.saloanoticias.com\/v1\/wp-json\/wp\/v2\/media?parent=7331"}],"wp:term":[{"taxonomy":"category","embeddable":true,"href":"https:\/\/www.saloanoticias.com\/v1\/wp-json\/wp\/v2\/categories?post=7331"},{"taxonomy":"post_tag","embeddable":true,"href":"https:\/\/www.saloanoticias.com\/v1\/wp-json\/wp\/v2\/tags?post=7331"}],"curies":[{"name":"wp","href":"https:\/\/api.w.org\/{rel}","templated":true}]}}