{"id":733,"date":"2014-03-12T21:14:44","date_gmt":"2014-03-12T21:14:44","guid":{"rendered":"https:\/\/saloanoticias.mrmediaweb.com\/v1\/2014\/03\/12\/izaias-responde-as-criticas-recebidas-em\/"},"modified":"2014-03-12T21:14:44","modified_gmt":"2014-03-12T21:14:44","slug":"izaias-responde-as-criticas-recebidas-em","status":"publish","type":"post","link":"https:\/\/www.saloanoticias.com\/v1\/izaias-responde-as-criticas-recebidas-em\/","title":{"rendered":"IZA\u00cdAS R\u00c9GIS RESPONDE AS CR\u00cdTICAS RECEBIDAS DURANTE A SEMANA"},"content":{"rendered":"<p align=\"justify\"><font size=\"3\" face=\"Arial\"><a href=\"http:\/\/www.saloanoticias.com\/images\/izaias-garanhuns-7.jpg\"><img loading=\"lazy\" decoding=\"async\" title=\"izaias garanhuns (7)\" style=\"border-left-width: 0px; border-right-width: 0px; background-image: none; border-bottom-width: 0px; float: left; padding-top: 0px; padding-left: 0px; margin: 5px 5px 0px 0px; display: inline; padding-right: 0px; border-top-width: 0px\" border=\"0\" alt=\"izaias garanhuns (7)\" align=\"left\" src=\"http:\/\/www.saloanoticias.com\/v1\/wp-content\/uploads\/imagens\/izaias-garanhuns-7_thumb.jpg\" width=\"266\" height=\"212\"><\/a>\u201cQuero dizer que n\u00e3o h\u00e1 nenhuma atitude de vingan\u00e7a ou de soberba (como foi noticiado) na minha aus\u00eancia amanh\u00e3 na Visita do Governador Eduardo Campos a Garanhuns. A minha aus\u00eancia \u00e9 justificada por estar em Bras\u00edlia, em busca de conv\u00eanios e a\u00e7\u00f5es para o nosso munic\u00edpio, por meio do Governo Federal, que tem prestigiado Garanhuns com recursos nas \u00e1reas da sa\u00fade, infraestrutura, educa\u00e7\u00e3o, assist\u00eancia social, entre outros.<\/font>  <\/p>\n<p align=\"justify\"><font size=\"3\" face=\"Arial\">Apenas questionei o fato da Prefeitura de Garanhuns n\u00e3o ter sido comunicada oficialmente da visita. Quero aqui ressaltar que vivemos uma nova conjuntura pol\u00edtica, por\u00e9m a institucional permanece. O Governador tem o nosso respeito, pela pessoa que \u00e9, e pelo cargo que ocupa, e da mesma forma esperamos o respeito \u00e0 institui\u00e7\u00e3o Prefeitura de Garanhuns, que representa todo o nosso povo, povo este que deu uma expressiva vota\u00e7\u00e3o ao Governador em suas elei\u00e7\u00f5es.<\/font>  <\/p>\n<p align=\"justify\"><font size=\"3\" face=\"Arial\">Entendemos que estamos entrando em um ano eleitoral, de disputa, onde cada um tem o seu lado, o que \u00e9 justo e democr\u00e1tico. Eu at\u00e9 penso que se a visita do Governador tiver mais um tom de pr\u00e9-campanha, de apresenta\u00e7\u00e3o do seu pr\u00e9-candidato, do que de visita oficial, ele foi extremamente elegante em n\u00e3o nos convidar, at\u00e9 por saber que eu tenho um lado, sou do PTB e irei caminhar junto ao Senador Armando Monteiro, como sempre o fiz. Mas, se a visita \u00e9 institucional, n\u00e3o podemos deixar que partidarismos se sobressaiam ao respeito pelas institui\u00e7\u00f5es.<\/font>  <\/p>\n<p align=\"justify\"><font size=\"3\" face=\"Arial\">At\u00e9 o fim de 2014 teremos eventos, onde a atual Gest\u00e3o do Governo de Pernambuco dividir\u00e1 a organiza\u00e7\u00e3o conosco, como o nosso grandioso Festival de Inverno. O que nos assusta em um momento como este \u00e9: ser\u00e1 que seremos os \u00faltimos a saber de decis\u00f5es que precisam ser conjuntas? Fica o alerta. Temos as nossas convic\u00e7\u00f5es e escolhas pol\u00edticas e elas devem e ser\u00e3o evidenciadas nos palanques, no momento oportuno, mas as deixemos de fora do dia a dia das administra\u00e7\u00f5es. Em um Governo as aten\u00e7\u00f5es t\u00eam que estar voltadas para o bem comum da popula\u00e7\u00e3o que nos conferiu o cargo, que momentaneamente, ocupamos.\u201d<\/font>  <\/p>\n<p align=\"justify\"><font size=\"3\" face=\"Arial\">Iza\u00edas R\u00e9gis&nbsp; &#8211;&nbsp; Prefeito de Garanhuns<\/font><\/p>\n<div style=\"margin-top: 0px; margin-bottom: 0px;\" class=\"sharethis-inline-share-buttons\" ><\/div>","protected":false},"excerpt":{"rendered":"<p>\u201cQuero dizer que n\u00e3o h\u00e1 nenhuma atitude de vingan\u00e7a ou de soberba (como foi noticiado) na minha aus\u00eancia amanh\u00e3 na Visita do Governador Eduardo Campos a Garanhuns. A minha aus\u00eancia \u00e9 justificada por estar em Bras\u00edlia, em busca de conv\u00eanios e a\u00e7\u00f5es para o nosso munic\u00edpio, por meio do Governo Federal, que tem prestigiado Garanhuns [&hellip;]<\/p>\n","protected":false},"author":1,"featured_media":0,"comment_status":"open","ping_status":"open","sticky":false,"template":"","format":"standard","meta":{"footnotes":""},"categories":[2],"tags":[],"class_list":["post-733","post","type-post","status-publish","format-standard","hentry","category-noticias-do-dia"],"_links":{"self":[{"href":"https:\/\/www.saloanoticias.com\/v1\/wp-json\/wp\/v2\/posts\/733","targetHints":{"allow":["GET"]}}],"collection":[{"href":"https:\/\/www.saloanoticias.com\/v1\/wp-json\/wp\/v2\/posts"}],"about":[{"href":"https:\/\/www.saloanoticias.com\/v1\/wp-json\/wp\/v2\/types\/post"}],"author":[{"embeddable":true,"href":"https:\/\/www.saloanoticias.com\/v1\/wp-json\/wp\/v2\/users\/1"}],"replies":[{"embeddable":true,"href":"https:\/\/www.saloanoticias.com\/v1\/wp-json\/wp\/v2\/comments?post=733"}],"version-history":[{"count":0,"href":"https:\/\/www.saloanoticias.com\/v1\/wp-json\/wp\/v2\/posts\/733\/revisions"}],"wp:attachment":[{"href":"https:\/\/www.saloanoticias.com\/v1\/wp-json\/wp\/v2\/media?parent=733"}],"wp:term":[{"taxonomy":"category","embeddable":true,"href":"https:\/\/www.saloanoticias.com\/v1\/wp-json\/wp\/v2\/categories?post=733"},{"taxonomy":"post_tag","embeddable":true,"href":"https:\/\/www.saloanoticias.com\/v1\/wp-json\/wp\/v2\/tags?post=733"}],"curies":[{"name":"wp","href":"https:\/\/api.w.org\/{rel}","templated":true}]}}