{"id":7327,"date":"2019-03-21T12:09:33","date_gmt":"2019-03-21T12:09:33","guid":{"rendered":"https:\/\/saloanoticias.com\/v1\/?p=7327"},"modified":"2019-03-21T12:11:19","modified_gmt":"2019-03-21T12:11:19","slug":"danilo-cabral-firma-posicao-contra-mudancas-na-aposentadoria-rural","status":"publish","type":"post","link":"https:\/\/www.saloanoticias.com\/v1\/danilo-cabral-firma-posicao-contra-mudancas-na-aposentadoria-rural\/","title":{"rendered":"DANILO CABRAL FIRMA POSI\u00c7\u00c3O CONTRA MUDAN\u00c7AS NA APOSENTADORIA RURAL"},"content":{"rendered":"<p><img loading=\"lazy\" decoding=\"async\" width=\"2003\" height=\"1312\" class=\"aligncenter size-full wp-image-7328\" src=\"https:\/\/saloanoticias.com\/v1\/wp-content\/uploads\/2019\/03\/danilo-deputado.jpg\" alt=\"\" srcset=\"https:\/\/www.saloanoticias.com\/v1\/wp-content\/uploads\/2019\/03\/danilo-deputado.jpg 2003w, https:\/\/www.saloanoticias.com\/v1\/wp-content\/uploads\/2019\/03\/danilo-deputado-300x197.jpg 300w, https:\/\/www.saloanoticias.com\/v1\/wp-content\/uploads\/2019\/03\/danilo-deputado-1024x671.jpg 1024w, https:\/\/www.saloanoticias.com\/v1\/wp-content\/uploads\/2019\/03\/danilo-deputado-768x503.jpg 768w, https:\/\/www.saloanoticias.com\/v1\/wp-content\/uploads\/2019\/03\/danilo-deputado-1536x1006.jpg 1536w\" sizes=\"auto, (max-width: 2003px) 100vw, 2003px\" \/>Para uma plateia de cerca de duas mil pessoas, o deputado federal Danilo Cabral (PSB) criticou as mudan\u00e7as propostas pelo governo federal na aposentadoria rural e refirmou o compromisso de lutar contra a retirada de direitos dos trabalhadores rurais. O parlamentar participou de audi\u00eancia p\u00fablica, promovida pela Fetape, em Afogados da Ingazeira, no Sert\u00e3o do Paje\u00fa, que tratou sobre a Reforma da Previd\u00eancia. Todos os 25 deputados federais pernambucanos foram convidados para o evento, mas apenas Danilo e Carlos Veras (PT) compareceram. Gonzaga Patriota justificou aus\u00eancia por motivo de sa\u00fade.<\/p>\n<p>De acordo com a proposta em tramita\u00e7\u00e3o no Congresso Nacional, os trabalhadores rurais dever\u00e3o contribuir com R$ 600 por ano \u00e0 Previd\u00eancia.\u00a0Ser\u00e1 exigido um tempo m\u00ednimo de contribui\u00e7\u00e3o de 20 anos, al\u00e9m de uma idade m\u00ednima de 60 anos para homens e mulheres.\u00a0Atualmente, os requisitos s\u00e3o 55 anos (mulheres) e 60 anos (homens) e o m\u00ednimo de 15 anos de contribui\u00e7\u00e3o. \u201cSe depender de n\u00f3s, vamos lutar para que a Reforma da Previd\u00eancia n\u00e3o seja aprovada na forma que est\u00e1\u201d, declarou Danilo Cabral.<\/p>\n<p>O deputado destaca que, al\u00e9m do impacto da reforma previdenci\u00e1ria na vida dos agricultores, h\u00e1 repercuss\u00e3o nas economias dos munic\u00edpios, especialmente do Nordeste. Dados do INSS e da Secretaria do Tesouro Nacional mostram que os valores da aposentadoria rural especial para os nove estados da regi\u00e3o somam mais de R$ 51 bilh\u00f5es. Em Pernambuco, esse valor \u00e9 de mais de R$ 6,5 bilh\u00f5es, enquanto o Fundo de Participa\u00e7\u00e3o dos Estados (FPE) \u00e9 de cerca de R$ 5 bilh\u00f5es e o Fundo de Participa\u00e7\u00e3o dos Munic\u00edpios (FPM), R$ 4 bilh\u00f5es.<\/p>\n<p>\u201cPrecisamos discutir a Reforma da Previd\u00eancia de forma ampla com a sociedade, preservando as diferen\u00e7as regionais e tratando das especificidades de cada categoria. N\u00e3o podemos penalizar os trabalhadores rurais, os mais pobres, como o governo est\u00e1 propondo\u201d, afirmou Danilo Cabral. O parlamentar destacou que s\u00f3 a mobiliza\u00e7\u00e3o da popula\u00e7\u00e3o poder\u00e1 derrotar a proposta do governo.<\/p>\n<p><strong>Agenda: <\/strong>Antes de participar da audi\u00eancia p\u00fablica, Danilo Cabral visitou Flores e Carna\u00edba.\u00a0 Na primeira, ao lado do prefeito Marconi Santana, o deputado anunciou que o munic\u00edpio receber\u00e1 R$ 1,3 milh\u00e3o em emendas parlamentares para investimento em sa\u00fade e infraestrutura. Os recursos ser\u00e3o aplicados no custeio de sa\u00fade, na pavimentado de ruas, na constru\u00e7\u00e3o de uma academia de sa\u00fade e para a aquisi\u00e7\u00e3o de uma retroescavadeira.\u00a0 \u201cEsta \u00e9 a primeira vez que venho ao munic\u00edpio ap\u00f3s a elei\u00e7\u00e3o, ent\u00e3o, a nossa primeira palavra \u00e9 de agradecimento e de reafirmar nosso compromisso com o povo de Flores, disse Danilo.<\/p>\n<p>J\u00e1 em Carna\u00edba, Danilo Cabral participou da inaugura\u00e7\u00e3o da barragem constru\u00edda sobre o leito do Rio Paje\u00fa, no S\u00edtio It\u00e3. No local, ele reafirmou seu compromisso com o munic\u00edpio e tamb\u00e9m anunciou a destina\u00e7\u00e3o de R$ 1,3 milh\u00e3o para investimentos na sa\u00fade atrav\u00e9s de emendas parlamentares. Os recursos ser\u00e3o aplicados no custeio de sa\u00fade b\u00e1sica e de m\u00e9dia complexidade. \u201cEssa \u00e9 uma forma de retribuir a confian\u00e7a que recebemos do povo de Pernambuco, em especial de Carna\u00edba, onde recebi uma vota\u00e7\u00e3o expressiva na \u00faltima elei\u00e7\u00e3o\u201d, afirmou.<\/p>\n<p>A barragem j\u00e1 represou \u00e1gua por 2,8 Km de extens\u00e3o pela primeira vez no m\u00eas passado. Foi constru\u00edda com recursos pr\u00f3prios da Prefeitura do munic\u00edpio, um investimento de R$ 150 mil. Al\u00e9m de It\u00e3, j\u00e1 foram constru\u00eddas as barragens de Leit\u00e3o no leito do Paje\u00fa e de Tamboril e Mata Grande nos afluentes. Segundo o prefeito Anchieta Patriota, o objetivo \u00e9 fazer mais duas barragens sobre o leito do Paje\u00fa, perenizando boa parte do curso do rio e transformando Carna\u00edba no primeiro munic\u00edpio da regi\u00e3o a fazer esta a\u00e7\u00e3o. \u201cS\u00f3 a barragem de It\u00e3 ajuda mais de 120 ribeirinhos\u201d, ressaltou o prefeito. Danilo Cabral ainda visitar\u00e1 as cidades de Bet\u00e2nia e Pesqueira, no Agreste, onde se reunir\u00e1 com lideran\u00e7as locais.<\/p>\n<div style=\"margin-top: 0px; margin-bottom: 0px;\" class=\"sharethis-inline-share-buttons\" ><\/div>","protected":false},"excerpt":{"rendered":"<p>Para uma plateia de cerca de duas mil pessoas, o deputado federal Danilo Cabral (PSB) criticou as mudan\u00e7as propostas pelo governo federal na aposentadoria rural e refirmou o compromisso de lutar contra a retirada de direitos dos trabalhadores rurais. O parlamentar participou de audi\u00eancia p\u00fablica, promovida pela Fetape, em Afogados da Ingazeira, no Sert\u00e3o do [&hellip;]<\/p>\n","protected":false},"author":2,"featured_media":7330,"comment_status":"open","ping_status":"open","sticky":false,"template":"","format":"standard","meta":{"footnotes":""},"categories":[2],"tags":[],"class_list":["post-7327","post","type-post","status-publish","format-standard","has-post-thumbnail","hentry","category-noticias-do-dia"],"_links":{"self":[{"href":"https:\/\/www.saloanoticias.com\/v1\/wp-json\/wp\/v2\/posts\/7327","targetHints":{"allow":["GET"]}}],"collection":[{"href":"https:\/\/www.saloanoticias.com\/v1\/wp-json\/wp\/v2\/posts"}],"about":[{"href":"https:\/\/www.saloanoticias.com\/v1\/wp-json\/wp\/v2\/types\/post"}],"author":[{"embeddable":true,"href":"https:\/\/www.saloanoticias.com\/v1\/wp-json\/wp\/v2\/users\/2"}],"replies":[{"embeddable":true,"href":"https:\/\/www.saloanoticias.com\/v1\/wp-json\/wp\/v2\/comments?post=7327"}],"version-history":[{"count":1,"href":"https:\/\/www.saloanoticias.com\/v1\/wp-json\/wp\/v2\/posts\/7327\/revisions"}],"predecessor-version":[{"id":7329,"href":"https:\/\/www.saloanoticias.com\/v1\/wp-json\/wp\/v2\/posts\/7327\/revisions\/7329"}],"wp:featuredmedia":[{"embeddable":true,"href":"https:\/\/www.saloanoticias.com\/v1\/wp-json\/wp\/v2\/media\/7330"}],"wp:attachment":[{"href":"https:\/\/www.saloanoticias.com\/v1\/wp-json\/wp\/v2\/media?parent=7327"}],"wp:term":[{"taxonomy":"category","embeddable":true,"href":"https:\/\/www.saloanoticias.com\/v1\/wp-json\/wp\/v2\/categories?post=7327"},{"taxonomy":"post_tag","embeddable":true,"href":"https:\/\/www.saloanoticias.com\/v1\/wp-json\/wp\/v2\/tags?post=7327"}],"curies":[{"name":"wp","href":"https:\/\/api.w.org\/{rel}","templated":true}]}}