{"id":7325,"date":"2019-03-21T17:46:33","date_gmt":"2019-03-21T17:46:33","guid":{"rendered":"https:\/\/saloanoticias.com\/v1\/?p=7325"},"modified":"2019-03-21T17:49:15","modified_gmt":"2019-03-21T17:49:15","slug":"empresa-7-sinais-e-radio-saloaense-realizaram-a-entrega-do-premio-melhores-do-ano","status":"publish","type":"post","link":"https:\/\/www.saloanoticias.com\/v1\/empresa-7-sinais-e-radio-saloaense-realizaram-a-entrega-do-premio-melhores-do-ano\/","title":{"rendered":"7 SINAIS E R\u00c1DIO SALOAENSE REALIZARAM A ENTREGA DO PR\u00caMIO MELHORES DO ANO"},"content":{"rendered":"<p><img loading=\"lazy\" decoding=\"async\" class=\"aligncenter wp-image-7336\" src=\"https:\/\/saloanoticias.com\/v1\/wp-content\/uploads\/2019\/03\/melhores-saloa.gif\" alt=\"\" width=\"1177\" height=\"778\" \/>Aconteceu na noite desta quarta-feira, dia 20 de mar\u00e7o de 2019, nas depend\u00eancias do CCI \u2013 Centro de Conviv\u00eancia de Idosos da cidade de Salo\u00e1\/PE, a entrega da premia\u00e7\u00e3o dos melhores profissionais do munic\u00edpio no ano de 2018. O evento foi realizado pela empresa 7 Sinais Comunica\u00e7\u00e3o e Publicidade que \u00e9 representada por Aldo Santos e Cicero Matias, ambos diretores da R\u00e1dio Salo\u00e1 FM. A cerim\u00f4nia de entrega contou com a presen\u00e7a de comerciantes, empres\u00e1rios, pol\u00edticos, dezenas de familiares dos homenageados e a imprensa local.<\/p>\n<p>Segundo Aldo Santos que apresentou a entrega dos pr\u00eamios, al\u00e9m de premiar os destaques do ano a oportunidade serviu tamb\u00e9m para confraternizar os comerciantes e unir cada vez mais as pessoas no sentido de tornar o com\u00e9rcio local mais forte. As pesquisa foram feitas por amostragem espont\u00e2nea, atrav\u00e9s das plataformas digitais e tamb\u00e9m por formul\u00e1rios distribu\u00eddos \u00e0 popula\u00e7\u00e3o, onde as pessoas s\u00e3o perguntadas e respondem os questionamentos sem nenhuma indu\u00e7\u00e3o a dizer nomes. Os organizadores dos \u201cMelhores de Salo\u00e1 em 2018\u201d acreditam que a festa foi um verdadeiro sucesso e servir\u00e1 de base para os pr\u00f3ximos anos. <em>Em breve a segunda parte das fotos (Fotos:Jr. Gracindo)<\/em><\/p>\n<div style=\"margin-top: 0px; margin-bottom: 0px;\" class=\"sharethis-inline-share-buttons\" ><\/div>","protected":false},"excerpt":{"rendered":"<p>Aconteceu na noite desta quarta-feira, dia 20 de mar\u00e7o de 2019, nas depend\u00eancias do CCI \u2013 Centro de Conviv\u00eancia de Idosos da cidade de Salo\u00e1\/PE, a entrega da premia\u00e7\u00e3o dos melhores profissionais do munic\u00edpio no ano de 2018. O evento foi realizado pela empresa 7 Sinais Comunica\u00e7\u00e3o e Publicidade que \u00e9 representada por Aldo Santos [&hellip;]<\/p>\n","protected":false},"author":2,"featured_media":7337,"comment_status":"open","ping_status":"open","sticky":false,"template":"","format":"standard","meta":{"footnotes":""},"categories":[2],"tags":[],"class_list":["post-7325","post","type-post","status-publish","format-standard","has-post-thumbnail","hentry","category-noticias-do-dia"],"_links":{"self":[{"href":"https:\/\/www.saloanoticias.com\/v1\/wp-json\/wp\/v2\/posts\/7325","targetHints":{"allow":["GET"]}}],"collection":[{"href":"https:\/\/www.saloanoticias.com\/v1\/wp-json\/wp\/v2\/posts"}],"about":[{"href":"https:\/\/www.saloanoticias.com\/v1\/wp-json\/wp\/v2\/types\/post"}],"author":[{"embeddable":true,"href":"https:\/\/www.saloanoticias.com\/v1\/wp-json\/wp\/v2\/users\/2"}],"replies":[{"embeddable":true,"href":"https:\/\/www.saloanoticias.com\/v1\/wp-json\/wp\/v2\/comments?post=7325"}],"version-history":[{"count":6,"href":"https:\/\/www.saloanoticias.com\/v1\/wp-json\/wp\/v2\/posts\/7325\/revisions"}],"predecessor-version":[{"id":7342,"href":"https:\/\/www.saloanoticias.com\/v1\/wp-json\/wp\/v2\/posts\/7325\/revisions\/7342"}],"wp:featuredmedia":[{"embeddable":true,"href":"https:\/\/www.saloanoticias.com\/v1\/wp-json\/wp\/v2\/media\/7337"}],"wp:attachment":[{"href":"https:\/\/www.saloanoticias.com\/v1\/wp-json\/wp\/v2\/media?parent=7325"}],"wp:term":[{"taxonomy":"category","embeddable":true,"href":"https:\/\/www.saloanoticias.com\/v1\/wp-json\/wp\/v2\/categories?post=7325"},{"taxonomy":"post_tag","embeddable":true,"href":"https:\/\/www.saloanoticias.com\/v1\/wp-json\/wp\/v2\/tags?post=7325"}],"curies":[{"name":"wp","href":"https:\/\/api.w.org\/{rel}","templated":true}]}}