{"id":732,"date":"2014-03-12T18:53:56","date_gmt":"2014-03-12T18:53:56","guid":{"rendered":"https:\/\/saloanoticias.mrmediaweb.com\/v1\/2014\/03\/12\/genaldi-reassumi-a-prefeitura-de-sao-joao\/"},"modified":"2014-03-12T18:53:56","modified_gmt":"2014-03-12T18:53:56","slug":"genaldi-reassumi-a-prefeitura-de-sao-joao","status":"publish","type":"post","link":"https:\/\/www.saloanoticias.com\/v1\/genaldi-reassumi-a-prefeitura-de-sao-joao\/","title":{"rendered":"GENALDI ZUMBA GANHA NO TSE E REASSUMI A PREFEITURA DE S\u00c3O JO\u00c3O"},"content":{"rendered":"<p align=\"justify\"><font size=\"3\" face=\"Arial\"><font face=\"Arial Black\"><a href=\"http:\/\/www.saloanoticias.com\/images\/foto-6.jpg\"><img loading=\"lazy\" decoding=\"async\" title=\"Foto-6\" style=\"border-top: 0px; border-right: 0px; background-image: none; border-bottom: 0px; float: left; padding-top: 0px; padding-left: 0px; margin: 5px 5px 0px 0px; border-left: 0px; display: inline; padding-right: 0px\" border=\"0\" alt=\"Foto-6\" align=\"left\" src=\"http:\/\/www.saloanoticias.com\/v1\/wp-content\/uploads\/imagens\/foto-6_thumb.jpg\" width=\"240\" height=\"221\"><\/a>DO BLOG DO ROBERTO ALMEIDA<\/font>&nbsp; &#8211;&nbsp; Recebemos h\u00e1 pouco, em primeira m\u00e3o, mensagem do ex-prefeito de Canhotinho, \u00c1lvaro Porto, comunicando que o TSE deu ganho de causa a Genaldi Zumba, que reassume \u00e0 Prefeitura de S\u00e3o Jo\u00e3o. Assim, a elei\u00e7\u00e3o marcada para o dia 6 de abril est\u00e1 cancelada. <\/font><font size=\"3\" face=\"Arial\">Confiram o e-mail de \u00c1lvaro Porto: <\/font><font face=\"Arial\"><font size=\"3\">Hoje a vontade do povo de S\u00e3o Jo\u00e3o finalmente prevaleceu ! Foi com grande felicidade que, na manh\u00e3 de hoje, recebi a not\u00edcia de que o Tribunal Superior Eleitoral, corte m\u00e1xima da Justi\u00e7a Eleitoral, determinou a recondu\u00e7\u00e3o dos amigos Genaldi Zumba e Z\u00e9 Costa aos cargos de Prefeito de Vice-Prefeito do Munic\u00edpio de S\u00e3o Jo\u00e3o, determinando o cancelamento das elei\u00e7\u00f5es marcadas para o pr\u00f3ximo dia 6.<\/font><\/font><\/p>\n<p align=\"justify\"><font face=\"Arial\"><font size=\"3\">Embora seus advers\u00e1rios e o TRE tenham ignorado a vontade do povo de S\u00e3o Jo\u00e3o, que legitimamente elegeu o mandioqueiro para o cargo m\u00e1ximo do poder executivo no Munic\u00edpio, hoje tivemos a demonstra\u00e7\u00e3o de que a justi\u00e7a tarda mais n\u00e3o falha ! N\u00e3o se trata de uma vit\u00f3ria de Genaldi, e sim do povo de S\u00e3o Jo\u00e3o, que ver\u00e1 respeitada a escolha feita democraticamente nas Elei\u00e7\u00f5es de 2012.<br \/>Ao povo de S\u00e3o Jo\u00e3o e aos amigos Genaldi e Z\u00e9 Costa, os meus parab\u00e9ns !<\/font><\/font><\/p>\n<p align=\"justify\"><font face=\"Arial\"><font size=\"3\"><b>Nota dos Advogados&nbsp; &#8211;&nbsp; <\/b><\/font><\/font><font size=\"3\" face=\"Arial\">N\u00e3o obstante a decis\u00e3o ter sido deferida em sede cautelar, acabou por analisar, vale mencionar, com muita propriedade, o m\u00e9rito da quest\u00e3o posta, ou seja, foi feita a devida justi\u00e7a, no sentido de prevalecer a soberania popular! O mandioqueiro escolhido pelo povo foi referendado no seu cargo pela inst\u00e2ncia superior!<\/font><\/p>\n<p align=\"justify\"><b><font size=\"3\" face=\"Arial\">Os advogados, Eduardo Porto e Orlando Morais.<\/font><\/b><\/p>\n<div style=\"margin-top: 0px; margin-bottom: 0px;\" class=\"sharethis-inline-share-buttons\" ><\/div>","protected":false},"excerpt":{"rendered":"<p>DO BLOG DO ROBERTO ALMEIDA&nbsp; &#8211;&nbsp; Recebemos h\u00e1 pouco, em primeira m\u00e3o, mensagem do ex-prefeito de Canhotinho, \u00c1lvaro Porto, comunicando que o TSE deu ganho de causa a Genaldi Zumba, que reassume \u00e0 Prefeitura de S\u00e3o Jo\u00e3o. Assim, a elei\u00e7\u00e3o marcada para o dia 6 de abril est\u00e1 cancelada. Confiram o e-mail de \u00c1lvaro Porto: [&hellip;]<\/p>\n","protected":false},"author":1,"featured_media":0,"comment_status":"open","ping_status":"open","sticky":false,"template":"","format":"standard","meta":{"footnotes":""},"categories":[2],"tags":[],"class_list":["post-732","post","type-post","status-publish","format-standard","hentry","category-noticias-do-dia"],"_links":{"self":[{"href":"https:\/\/www.saloanoticias.com\/v1\/wp-json\/wp\/v2\/posts\/732","targetHints":{"allow":["GET"]}}],"collection":[{"href":"https:\/\/www.saloanoticias.com\/v1\/wp-json\/wp\/v2\/posts"}],"about":[{"href":"https:\/\/www.saloanoticias.com\/v1\/wp-json\/wp\/v2\/types\/post"}],"author":[{"embeddable":true,"href":"https:\/\/www.saloanoticias.com\/v1\/wp-json\/wp\/v2\/users\/1"}],"replies":[{"embeddable":true,"href":"https:\/\/www.saloanoticias.com\/v1\/wp-json\/wp\/v2\/comments?post=732"}],"version-history":[{"count":0,"href":"https:\/\/www.saloanoticias.com\/v1\/wp-json\/wp\/v2\/posts\/732\/revisions"}],"wp:attachment":[{"href":"https:\/\/www.saloanoticias.com\/v1\/wp-json\/wp\/v2\/media?parent=732"}],"wp:term":[{"taxonomy":"category","embeddable":true,"href":"https:\/\/www.saloanoticias.com\/v1\/wp-json\/wp\/v2\/categories?post=732"},{"taxonomy":"post_tag","embeddable":true,"href":"https:\/\/www.saloanoticias.com\/v1\/wp-json\/wp\/v2\/tags?post=732"}],"curies":[{"name":"wp","href":"https:\/\/api.w.org\/{rel}","templated":true}]}}