{"id":7316,"date":"2019-03-20T12:31:56","date_gmt":"2019-03-20T12:31:56","guid":{"rendered":"https:\/\/saloanoticias.com\/v1\/?p=7316"},"modified":"2019-03-20T12:40:09","modified_gmt":"2019-03-20T12:40:09","slug":"cida-alves-assume-a-direcao-do-centro-de-convivencia-de-idosos","status":"publish","type":"post","link":"https:\/\/www.saloanoticias.com\/v1\/cida-alves-assume-a-direcao-do-centro-de-convivencia-de-idosos\/","title":{"rendered":"CIDA ALVES ASSUME A DIRE\u00c7\u00c3O DO CENTRO DE CONVIV\u00caNCIA DE IDOSOS"},"content":{"rendered":"<p><img loading=\"lazy\" decoding=\"async\" class=\"aligncenter wp-image-7317\" src=\"https:\/\/saloanoticias.com\/v1\/wp-content\/uploads\/2019\/03\/cci-saloa-pe.gif\" alt=\"\" width=\"1088\" height=\"688\" \/>PREFEITURA DE SALO\u00c1 REALIZA ABERTURA DO CCI &#8211; A\u00a0Prefeitura Municipal de Salo\u00e1, por meio da Secretaria de Assist\u00eancia Social, realizou nesta segunda-feira (18\/03), a abertura das atividades do Servi\u00e7o de Conviv\u00eancia e Fortalecimento de V\u00ednculos com o grupo da terceira idade. O evento aconteceu no Centro de Conviv\u00eancia dos Idosos,\u00a0CCI, e foi marcado pela presen\u00e7a de\u00a0um grande n\u00famero de idosos. Na cerim\u00f4nia de abertura, diversas autoridades discursaram, quando destacaram a import\u00e2ncia de manter ativa as atividades do CCI, proporcionando aos idosos momentos de intera\u00e7\u00e3o e descontra\u00e7\u00e3o com a promo\u00e7\u00e3o de atividades\u00a0de lazer entretenimento.<\/p>\n<p>A nova Diretora do CCI, Cida Alves, iniciou dando as boas-vindas aos idosos e falou sobre o trabalho a ser desenvolvido. \u201cVamos trabalhar o idoso com uma vida ativa, para isso,\u00a0vamos buscar diversificar atividades que proporcione a intera\u00e7\u00e3o entre eles. &#8220;O Centro est\u00e1 aqui para isso, para que seja desenvolvida atividades que traga divers\u00e3o, lazer e que valorize a melhor idade, e lembrem-se que aqui voc\u00eas tem uma amiga\u201d, disse. Ap\u00f3s a cerim\u00f4nia de abertura, Deniz\u00e1 da Sanfona fez um grande forr\u00f3 que animou os idosos que ali estavam.<\/p>\n<div style=\"margin-top: 0px; margin-bottom: 0px;\" class=\"sharethis-inline-share-buttons\" ><\/div>","protected":false},"excerpt":{"rendered":"<p>PREFEITURA DE SALO\u00c1 REALIZA ABERTURA DO CCI &#8211; A\u00a0Prefeitura Municipal de Salo\u00e1, por meio da Secretaria de Assist\u00eancia Social, realizou nesta segunda-feira (18\/03), a abertura das atividades do Servi\u00e7o de Conviv\u00eancia e Fortalecimento de V\u00ednculos com o grupo da terceira idade. O evento aconteceu no Centro de Conviv\u00eancia dos Idosos,\u00a0CCI, e foi marcado pela presen\u00e7a [&hellip;]<\/p>\n","protected":false},"author":2,"featured_media":7320,"comment_status":"open","ping_status":"open","sticky":false,"template":"","format":"standard","meta":{"footnotes":""},"categories":[2],"tags":[],"class_list":["post-7316","post","type-post","status-publish","format-standard","has-post-thumbnail","hentry","category-noticias-do-dia"],"_links":{"self":[{"href":"https:\/\/www.saloanoticias.com\/v1\/wp-json\/wp\/v2\/posts\/7316","targetHints":{"allow":["GET"]}}],"collection":[{"href":"https:\/\/www.saloanoticias.com\/v1\/wp-json\/wp\/v2\/posts"}],"about":[{"href":"https:\/\/www.saloanoticias.com\/v1\/wp-json\/wp\/v2\/types\/post"}],"author":[{"embeddable":true,"href":"https:\/\/www.saloanoticias.com\/v1\/wp-json\/wp\/v2\/users\/2"}],"replies":[{"embeddable":true,"href":"https:\/\/www.saloanoticias.com\/v1\/wp-json\/wp\/v2\/comments?post=7316"}],"version-history":[{"count":5,"href":"https:\/\/www.saloanoticias.com\/v1\/wp-json\/wp\/v2\/posts\/7316\/revisions"}],"predecessor-version":[{"id":7324,"href":"https:\/\/www.saloanoticias.com\/v1\/wp-json\/wp\/v2\/posts\/7316\/revisions\/7324"}],"wp:featuredmedia":[{"embeddable":true,"href":"https:\/\/www.saloanoticias.com\/v1\/wp-json\/wp\/v2\/media\/7320"}],"wp:attachment":[{"href":"https:\/\/www.saloanoticias.com\/v1\/wp-json\/wp\/v2\/media?parent=7316"}],"wp:term":[{"taxonomy":"category","embeddable":true,"href":"https:\/\/www.saloanoticias.com\/v1\/wp-json\/wp\/v2\/categories?post=7316"},{"taxonomy":"post_tag","embeddable":true,"href":"https:\/\/www.saloanoticias.com\/v1\/wp-json\/wp\/v2\/tags?post=7316"}],"curies":[{"name":"wp","href":"https:\/\/api.w.org\/{rel}","templated":true}]}}