{"id":731,"date":"2014-03-12T11:00:00","date_gmt":"2014-03-12T11:00:00","guid":{"rendered":"https:\/\/saloanoticias.mrmediaweb.com\/v1\/2014\/03\/12\/dr-ivan-rodrigues-da-uma-aula-de-politica-a-izaias\/"},"modified":"2014-03-12T11:00:00","modified_gmt":"2014-03-12T11:00:00","slug":"dr-ivan-rodrigues-da-uma-aula-de-politica-a-izaias","status":"publish","type":"post","link":"https:\/\/www.saloanoticias.com\/v1\/dr-ivan-rodrigues-da-uma-aula-de-politica-a-izaias\/","title":{"rendered":"DR. IVAN RODRIGUES D\u00c1 UMA AULA DE POL\u00cdTICA A IZA\u00cdAS"},"content":{"rendered":"<p align=\"justify\"><font face=\"Arial\"><font size=\"3\"><a href=\"http:\/\/www.saloanoticias.com\/images\/ivan.jpg\"><img loading=\"lazy\" decoding=\"async\" title=\"Ivan\" style=\"border-left-width: 0px; border-right-width: 0px; background-image: none; border-bottom-width: 0px; float: left; padding-top: 0px; padding-left: 0px; margin: 5px 5px 0px 0px; display: inline; padding-right: 0px; border-top-width: 0px\" border=\"0\" alt=\"Ivan\" align=\"left\" src=\"http:\/\/www.saloanoticias.com\/v1\/wp-content\/uploads\/imagens\/ivan_thumb.jpg\" width=\"197\" height=\"206\"><\/a>O prefeito de Garanhuns, Iza\u00edas R\u00e9gis (PTB), deu uma declara\u00e7\u00e3o essa semana dizendo que n\u00e3o recepcionaria o Governador Eduardo Campos na cidade, em visita que acontece na pr\u00f3xima quinta-feira, pois, segundo ele, n\u00e3o teria sido convidado para o evento pelo cerimonial do governo. Essa declara\u00e7\u00e3o causou um grande mal estar entre os correligion\u00e1rios de Eduardo em todo o estado, bem como na Cidade das Flores. Sem perder a oportunidade, o presidente do PSB na cidade emitiu a nota abaixo, publicada primeiramente pelo Blog do Carlos Eug\u00eanio. <\/font><\/font> <\/p>\n<p align=\"justify\"><font face=\"Arial\"><font size=\"3\">DO BLOG DO CARLOS EUG\u00caNIO&nbsp; &#8211;&nbsp; \u201cO secret\u00e1rio-executivo de Planejamento e Gest\u00e3o do Governo de Pernambuco, Ivan Rodrigues, enviou comunicado ao Blog a cerca da declara\u00e7\u00e3o do Prefeito Iza\u00edas R\u00e9gis (PTB), que revelou n\u00e3o ter sido convidado para a visita do Governador Eduardo Campos a Garanhuns, prevista para a pr\u00f3xima quinta-feira, dia 13. Confira o texto &#8220;amistoso&#8221; do experiente pol\u00edtico:\u201d<\/font><\/font>  <\/p>\n<p align=\"justify\"><i><font size=\"3\" face=\"Arial\"><strong>\u201cAmigos,<\/strong><\/font><\/i>  <\/p>\n<p align=\"justify\"><i><font size=\"3\" face=\"Arial\"><strong>Fiquei estarrecido com a incontin\u00eancia verbal do meu amigo Iza\u00edas Regis, Prefeito de Garanhuns, em entrevista a Magno Martins no dia 10 do corrente, em seu programa Frente a Frente e repercutida em toda a imprensa, escrita, falada e virtual em Pernambuco, a prop\u00f3sito da programa\u00e7\u00e3o prevista do Governador Eduardo Campos a Garanhuns no pr\u00f3ximo dia 13 do corrente, em que afirmou textualmente: \u201cCOMO O CERIMONIAL NOS IGNOROU, N\u00c3O VOU, NEM MANDAREI NINGU\u00c9M DA MINHA EQUIPE\u201d. <\/strong><\/font><\/i> <\/p>\n<p align=\"justify\"><i><font size=\"3\" face=\"Arial\"><strong>Essa infeliz declara\u00e7\u00e3o mereceu do blogueiro Carlos Eug\u00eanio uma manchete belicosa: \u201cIZA\u00cdAS D\u00c1 O TROCO \u00c0 FALTA DE ATEN\u00c7\u00c3O DE EDUARDO COM GARANHUNS\u201d endossada por postagem de Roberto Almeida, que mereceu coment\u00e1rios agressivos ao nosso Governador e uma mais comedida de Ronaldo Cesar. <\/strong><\/font><\/i> <\/p>\n<p align=\"justify\"><i><font size=\"3\" face=\"Arial\"><strong>Iza\u00edas costuma dizer que fui seu mestre pol\u00edtico mas me parece que andou gazeando muito as aulas! Nunca acusei ningu\u00e9m sem certificar-me, previamente, da seguran\u00e7a da declara\u00e7\u00e3o prestada. Desafio ao nosso Alcaide-Mor comprovar que \u00e0 essa altura \u2013 17 horas do dia 11 do corrente \u2013 o Cerimonial da Governadoria tenha expedido UM CONVITE SEQUER a quem quer que seja, sobretudo aos Srs. Prefeitos do Agreste Meridional que, por uma inarred\u00e1vel liturgia, ser\u00e3o todos convidados a participarem da programa\u00e7\u00e3o administrativa do Sr. Governador no dia 13 do corrente em Garanhuns e Bom Conselho. <\/strong><\/font><\/i> <\/p>\n<p align=\"justify\"><i><font size=\"3\" face=\"Arial\"><strong>Se o meu querido Iza\u00edas tivesse o m\u00ednimo de preocupa\u00e7\u00e3o com a responsabilidade de suas afirma\u00e7\u00f5es, saberia (at\u00e9 pela leitura dos jornais do pa\u00eds) que o Sr. Governador estava em S\u00e3o Paulo desde a noite do dia 09 e s\u00f3 regressou ao Estado durante a noite do dia 10 e a sua programa\u00e7\u00e3o do dia 13 somente ser\u00e1 confirmada no final do dia de hoje (11.03), apesar da divulga\u00e7\u00e3o informal que lhe foi dada. <\/strong><\/font><\/i> <\/p>\n<p align=\"justify\"><i><font size=\"3\" face=\"Arial\"><strong>Cuidado, meu querido amigo, com a embriaguez do poder que retira dos governantes a capacidade de, com humildade, entender os meandros do poder e a dificuldade de lidar com eles. Reitero a nossa respeitosa amizade e tor\u00e7o sinceramente pelo seu \u00eaxito na administra\u00e7\u00e3o de nossa terra, mas insisto no meu chamamento \u00e0 cautela: Tome consci\u00eancia de que o centro do sistema planet\u00e1rio n\u00e3o \u00e9 o seu umbigo e que n\u00f3s somos pequeninos gr\u00e3os de areia no concerto universal.<\/strong><\/font><\/i>  <\/p>\n<p align=\"justify\"><i><font size=\"3\" face=\"Arial\"><strong>Ivan Rodrigues\u201d.<\/strong><\/font><\/i><\/p>\n<div style=\"margin-top: 0px; margin-bottom: 0px;\" class=\"sharethis-inline-share-buttons\" ><\/div>","protected":false},"excerpt":{"rendered":"<p>O prefeito de Garanhuns, Iza\u00edas R\u00e9gis (PTB), deu uma declara\u00e7\u00e3o essa semana dizendo que n\u00e3o recepcionaria o Governador Eduardo Campos na cidade, em visita que acontece na pr\u00f3xima quinta-feira, pois, segundo ele, n\u00e3o teria sido convidado para o evento pelo cerimonial do governo. Essa declara\u00e7\u00e3o causou um grande mal estar entre os correligion\u00e1rios de Eduardo [&hellip;]<\/p>\n","protected":false},"author":1,"featured_media":0,"comment_status":"open","ping_status":"open","sticky":false,"template":"","format":"standard","meta":{"footnotes":""},"categories":[2],"tags":[],"class_list":["post-731","post","type-post","status-publish","format-standard","hentry","category-noticias-do-dia"],"_links":{"self":[{"href":"https:\/\/www.saloanoticias.com\/v1\/wp-json\/wp\/v2\/posts\/731","targetHints":{"allow":["GET"]}}],"collection":[{"href":"https:\/\/www.saloanoticias.com\/v1\/wp-json\/wp\/v2\/posts"}],"about":[{"href":"https:\/\/www.saloanoticias.com\/v1\/wp-json\/wp\/v2\/types\/post"}],"author":[{"embeddable":true,"href":"https:\/\/www.saloanoticias.com\/v1\/wp-json\/wp\/v2\/users\/1"}],"replies":[{"embeddable":true,"href":"https:\/\/www.saloanoticias.com\/v1\/wp-json\/wp\/v2\/comments?post=731"}],"version-history":[{"count":0,"href":"https:\/\/www.saloanoticias.com\/v1\/wp-json\/wp\/v2\/posts\/731\/revisions"}],"wp:attachment":[{"href":"https:\/\/www.saloanoticias.com\/v1\/wp-json\/wp\/v2\/media?parent=731"}],"wp:term":[{"taxonomy":"category","embeddable":true,"href":"https:\/\/www.saloanoticias.com\/v1\/wp-json\/wp\/v2\/categories?post=731"},{"taxonomy":"post_tag","embeddable":true,"href":"https:\/\/www.saloanoticias.com\/v1\/wp-json\/wp\/v2\/tags?post=731"}],"curies":[{"name":"wp","href":"https:\/\/api.w.org\/{rel}","templated":true}]}}