{"id":7305,"date":"2019-03-19T14:46:09","date_gmt":"2019-03-19T14:46:09","guid":{"rendered":"https:\/\/saloanoticias.com\/v1\/?p=7305"},"modified":"2019-03-19T14:46:09","modified_gmt":"2019-03-19T14:46:09","slug":"prefeitura-de-saloa-promove-mutirao-de-oftalmologia","status":"publish","type":"post","link":"https:\/\/www.saloanoticias.com\/v1\/prefeitura-de-saloa-promove-mutirao-de-oftalmologia\/","title":{"rendered":"PREFEITURA DE SALO\u00c1 PROMOVE MUTIR\u00c3O DE OFTALMOLOGIA"},"content":{"rendered":"<p><img loading=\"lazy\" decoding=\"async\" width=\"1040\" height=\"780\" class=\"aligncenter size-full wp-image-7306\" src=\"https:\/\/saloanoticias.com\/v1\/wp-content\/uploads\/2019\/03\/oftamo-saloa-1.jpeg\" alt=\"\" srcset=\"https:\/\/www.saloanoticias.com\/v1\/wp-content\/uploads\/2019\/03\/oftamo-saloa-1.jpeg 1040w, https:\/\/www.saloanoticias.com\/v1\/wp-content\/uploads\/2019\/03\/oftamo-saloa-1-300x225.jpeg 300w, https:\/\/www.saloanoticias.com\/v1\/wp-content\/uploads\/2019\/03\/oftamo-saloa-1-1024x768.jpeg 1024w, https:\/\/www.saloanoticias.com\/v1\/wp-content\/uploads\/2019\/03\/oftamo-saloa-1-768x576.jpeg 768w\" sizes=\"auto, (max-width: 1040px) 100vw, 1040px\" \/>Por aqui os trabalhos n\u00e3o param! A Prefeitura de Salo\u00e1, atrav\u00e9s da Secretaria de Sa\u00fade, realizou nos dias 12 e 13 de mar\u00e7o um mutir\u00e3o de oftalmologia para acuidade visual, como estrat\u00e9gia para redu\u00e7\u00e3o da fila de espera desta especialidade. O mutir\u00e3o foi realizado na Cl\u00ednica Oftalmo PE, em Garanhuns, com o m\u00e9dico Bruno Vila\u00e7a, onde 102 pacientes foram atendidos. O nosso objetivo \u00e9 zerar a fila de espera para diversas especialidades, fazendo com que o usu\u00e1rio n\u00e3o precise mais esperar meses para atendimento m\u00e9dico adequado. Nos pr\u00f3ximos meses outros mutir\u00f5es ser\u00e3o realizados para outras especialidades como: gastroenterologia, angiologia, oftalmologia cir\u00fargica, ultrassonografia, entre outros.<\/p>\n<p><img loading=\"lazy\" decoding=\"async\" width=\"960\" height=\"1280\" class=\"aligncenter size-full wp-image-7307\" src=\"https:\/\/saloanoticias.com\/v1\/wp-content\/uploads\/2019\/03\/Oftamo-6.jpeg\" alt=\"\" srcset=\"https:\/\/www.saloanoticias.com\/v1\/wp-content\/uploads\/2019\/03\/Oftamo-6.jpeg 960w, https:\/\/www.saloanoticias.com\/v1\/wp-content\/uploads\/2019\/03\/Oftamo-6-225x300.jpeg 225w, https:\/\/www.saloanoticias.com\/v1\/wp-content\/uploads\/2019\/03\/Oftamo-6-768x1024.jpeg 768w\" sizes=\"auto, (max-width: 960px) 100vw, 960px\" \/><\/p>\n<div style=\"margin-top: 0px; margin-bottom: 0px;\" class=\"sharethis-inline-share-buttons\" ><\/div>","protected":false},"excerpt":{"rendered":"<p>Por aqui os trabalhos n\u00e3o param! A Prefeitura de Salo\u00e1, atrav\u00e9s da Secretaria de Sa\u00fade, realizou nos dias 12 e 13 de mar\u00e7o um mutir\u00e3o de oftalmologia para acuidade visual, como estrat\u00e9gia para redu\u00e7\u00e3o da fila de espera desta especialidade. O mutir\u00e3o foi realizado na Cl\u00ednica Oftalmo PE, em Garanhuns, com o m\u00e9dico Bruno Vila\u00e7a, [&hellip;]<\/p>\n","protected":false},"author":2,"featured_media":7306,"comment_status":"open","ping_status":"open","sticky":false,"template":"","format":"standard","meta":{"footnotes":""},"categories":[2],"tags":[],"class_list":["post-7305","post","type-post","status-publish","format-standard","has-post-thumbnail","hentry","category-noticias-do-dia"],"_links":{"self":[{"href":"https:\/\/www.saloanoticias.com\/v1\/wp-json\/wp\/v2\/posts\/7305","targetHints":{"allow":["GET"]}}],"collection":[{"href":"https:\/\/www.saloanoticias.com\/v1\/wp-json\/wp\/v2\/posts"}],"about":[{"href":"https:\/\/www.saloanoticias.com\/v1\/wp-json\/wp\/v2\/types\/post"}],"author":[{"embeddable":true,"href":"https:\/\/www.saloanoticias.com\/v1\/wp-json\/wp\/v2\/users\/2"}],"replies":[{"embeddable":true,"href":"https:\/\/www.saloanoticias.com\/v1\/wp-json\/wp\/v2\/comments?post=7305"}],"version-history":[{"count":2,"href":"https:\/\/www.saloanoticias.com\/v1\/wp-json\/wp\/v2\/posts\/7305\/revisions"}],"predecessor-version":[{"id":7309,"href":"https:\/\/www.saloanoticias.com\/v1\/wp-json\/wp\/v2\/posts\/7305\/revisions\/7309"}],"wp:featuredmedia":[{"embeddable":true,"href":"https:\/\/www.saloanoticias.com\/v1\/wp-json\/wp\/v2\/media\/7306"}],"wp:attachment":[{"href":"https:\/\/www.saloanoticias.com\/v1\/wp-json\/wp\/v2\/media?parent=7305"}],"wp:term":[{"taxonomy":"category","embeddable":true,"href":"https:\/\/www.saloanoticias.com\/v1\/wp-json\/wp\/v2\/categories?post=7305"},{"taxonomy":"post_tag","embeddable":true,"href":"https:\/\/www.saloanoticias.com\/v1\/wp-json\/wp\/v2\/tags?post=7305"}],"curies":[{"name":"wp","href":"https:\/\/api.w.org\/{rel}","templated":true}]}}