{"id":7302,"date":"2019-03-18T23:36:20","date_gmt":"2019-03-18T23:36:20","guid":{"rendered":"https:\/\/saloanoticias.com\/v1\/?p=7302"},"modified":"2019-03-18T23:36:20","modified_gmt":"2019-03-18T23:36:20","slug":"produto-interno-bruto-de-pernambuco-cresce-19-em-2018","status":"publish","type":"post","link":"https:\/\/www.saloanoticias.com\/v1\/produto-interno-bruto-de-pernambuco-cresce-19-em-2018\/","title":{"rendered":"PRODUTO INTERNO BRUTO DE PERNAMBUCO CRESCE 1,9% EM 2018"},"content":{"rendered":"<p><img loading=\"lazy\" decoding=\"async\" width=\"1040\" height=\"585\" class=\"aligncenter size-full wp-image-7303\" src=\"https:\/\/saloanoticias.com\/v1\/wp-content\/uploads\/2019\/03\/paulo-camara.jpg\" alt=\"\" srcset=\"https:\/\/www.saloanoticias.com\/v1\/wp-content\/uploads\/2019\/03\/paulo-camara.jpg 1040w, https:\/\/www.saloanoticias.com\/v1\/wp-content\/uploads\/2019\/03\/paulo-camara-300x169.jpg 300w, https:\/\/www.saloanoticias.com\/v1\/wp-content\/uploads\/2019\/03\/paulo-camara-1024x576.jpg 1024w, https:\/\/www.saloanoticias.com\/v1\/wp-content\/uploads\/2019\/03\/paulo-camara-768x432.jpg 768w\" sizes=\"auto, (max-width: 1040px) 100vw, 1040px\" \/>A Ag\u00eancia Estadual de Planejamento e Pesquisas de Pernambuco (Condepe\/Fidem) divulgou, hoje, os n\u00fameros do Produto Interno Bruto (PIB) do Estado do ano passado, que chegou a R$ 182,8 bilh\u00f5es em valores correntes. O boletim da entidade mostra que o PIB cresceu 1,9% em 2018 em rela\u00e7\u00e3o ao ano anterior. Em termos comparativos, a economia pernambucana apresentou um comportamento mais acelerado do que a economia brasileira no ano, j\u00e1 que o crescimento brasileiro foi de apenas 1,1%. A agropecu\u00e1ria, a ind\u00fastria e os servi\u00e7os s\u00e3o os setores econ\u00f4micos que, segundo a entidade, motivaram o resultado anual. Respectivamente, os tr\u00eas segmentos apresentaram crescimento de 5,3, 2,0 e 1,7%.<\/p>\n<p>J\u00e1 na compara\u00e7\u00e3o do quarto trimestre de 2018 com igual per\u00edodo de 2017, o indicador que mede a economia pernambucana apresentou uma eleva\u00e7\u00e3o real de 0,2%. Esse desempenho decorreu do comportamento, no trimestre, dos tr\u00eas grandes setores econ\u00f4micos: Agropecu\u00e1ria (4,9%), Ind\u00fastria (-3,9%) e Servi\u00e7os (1,4%). Em valores correntes, o PIB do quarto trimestre de 2018 alcan\u00e7ou R$ 50,7 bilh\u00f5es.<\/p>\n<p>Segundo a presidente da Ag\u00eancia Condepe\/Fidem, Sheilla Pincovsky, o fechamento do ano de 2018 foi bastante positivo para a economia pernambucana. \u201cCom os dados do 4\u00ba trimestre, n\u00f3s atingimos no ano o resultado de crescimento de 1,9%, quase o dobro do crescimento do Brasil em 2018. Pelos n\u00fameros iniciais de janeiro, a expectativa \u00e9 de que continue o processo de retomada do crescimento da economia pernambucana, inclusive em um ritmo mais intenso do que ocorreu em 2017 e 2018\u201d, comentou a presidente. <em>Fonte: Blog do Magno Martins<\/em><\/p>\n<div style=\"margin-top: 0px; margin-bottom: 0px;\" class=\"sharethis-inline-share-buttons\" ><\/div>","protected":false},"excerpt":{"rendered":"<p>A Ag\u00eancia Estadual de Planejamento e Pesquisas de Pernambuco (Condepe\/Fidem) divulgou, hoje, os n\u00fameros do Produto Interno Bruto (PIB) do Estado do ano passado, que chegou a R$ 182,8 bilh\u00f5es em valores correntes. O boletim da entidade mostra que o PIB cresceu 1,9% em 2018 em rela\u00e7\u00e3o ao ano anterior. Em termos comparativos, a economia [&hellip;]<\/p>\n","protected":false},"author":2,"featured_media":7303,"comment_status":"open","ping_status":"open","sticky":false,"template":"","format":"standard","meta":{"footnotes":""},"categories":[2],"tags":[],"class_list":["post-7302","post","type-post","status-publish","format-standard","has-post-thumbnail","hentry","category-noticias-do-dia"],"_links":{"self":[{"href":"https:\/\/www.saloanoticias.com\/v1\/wp-json\/wp\/v2\/posts\/7302","targetHints":{"allow":["GET"]}}],"collection":[{"href":"https:\/\/www.saloanoticias.com\/v1\/wp-json\/wp\/v2\/posts"}],"about":[{"href":"https:\/\/www.saloanoticias.com\/v1\/wp-json\/wp\/v2\/types\/post"}],"author":[{"embeddable":true,"href":"https:\/\/www.saloanoticias.com\/v1\/wp-json\/wp\/v2\/users\/2"}],"replies":[{"embeddable":true,"href":"https:\/\/www.saloanoticias.com\/v1\/wp-json\/wp\/v2\/comments?post=7302"}],"version-history":[{"count":1,"href":"https:\/\/www.saloanoticias.com\/v1\/wp-json\/wp\/v2\/posts\/7302\/revisions"}],"predecessor-version":[{"id":7304,"href":"https:\/\/www.saloanoticias.com\/v1\/wp-json\/wp\/v2\/posts\/7302\/revisions\/7304"}],"wp:featuredmedia":[{"embeddable":true,"href":"https:\/\/www.saloanoticias.com\/v1\/wp-json\/wp\/v2\/media\/7303"}],"wp:attachment":[{"href":"https:\/\/www.saloanoticias.com\/v1\/wp-json\/wp\/v2\/media?parent=7302"}],"wp:term":[{"taxonomy":"category","embeddable":true,"href":"https:\/\/www.saloanoticias.com\/v1\/wp-json\/wp\/v2\/categories?post=7302"},{"taxonomy":"post_tag","embeddable":true,"href":"https:\/\/www.saloanoticias.com\/v1\/wp-json\/wp\/v2\/tags?post=7302"}],"curies":[{"name":"wp","href":"https:\/\/api.w.org\/{rel}","templated":true}]}}