{"id":730,"date":"2014-03-11T16:34:50","date_gmt":"2014-03-11T16:34:50","guid":{"rendered":"https:\/\/saloanoticias.mrmediaweb.com\/v1\/2014\/03\/11\/mais-um-suicidio-em-bom-conselho-pe\/"},"modified":"2014-03-11T16:34:50","modified_gmt":"2014-03-11T16:34:50","slug":"mais-um-suicidio-em-bom-conselho-pe","status":"publish","type":"post","link":"https:\/\/www.saloanoticias.com\/v1\/mais-um-suicidio-em-bom-conselho-pe\/","title":{"rendered":"MAIS UM SUIC\u00cdDIO EM BOM CONSELHO\/PE"},"content":{"rendered":"<p align=\"justify\"><font size=\"3\" face=\"Arial\"><a href=\"http:\/\/www.saloanoticias.com\/images\/cordanopescoo001.jpg\"><img loading=\"lazy\" decoding=\"async\" title=\"cordanopesco&ccedil;o001\" style=\"border-top: 0px; border-right: 0px; background-image: none; border-bottom: 0px; float: left; padding-top: 0px; padding-left: 0px; margin: 5px 5px 0px 0px; border-left: 0px; display: inline; padding-right: 0px\" border=\"0\" alt=\"cordanopesco&ccedil;o001\" align=\"left\" src=\"http:\/\/www.saloanoticias.com\/v1\/wp-content\/uploads\/imagens\/cordanopescoo001_thumb.jpg\" width=\"255\" height=\"201\"><\/a>O jovem de 27 anos de idade, desempregado e que morava com o pai e a madrasta, conhecido por Ednaldo Freitas da Silva, se enforcou dentro do quarto onde dormia. A PM est\u00e1 no local nesse momento. Possivelmente ele se enforcou na madrugada desta ter\u00e7a-feira, 11\/03, mas, somente agora pela manh\u00e3 \u00e9 que o pai ao acordar, se deparou com a cena forte. O corpo ainda est\u00e1 no local e espera o rabec\u00e3o do IML para ser levado para Caruaru.<\/font> <\/p>\n<p align=\"justify\"><font size=\"3\" face=\"Arial\">Nesse momento, na Rua O, no Loteamento Vereador Jos\u00e9 Ara\u00fajo Ten\u00f3rio ou Loteamento de Vav\u00e1 como \u00e9 conhecido, onde aconteceu o suic\u00eddio, j\u00e1 existe uma grande aglomera\u00e7\u00e3o de pessoas. <\/font><font size=\"3\" face=\"Arial\">Ontem fez 01 m\u00eas do suic\u00eddio de um policial militar e vai completar tamb\u00e9m 01 m\u00eas do enforcamento do frentista que trabalhava no Posto de Bernardo. Somente essa semana j\u00e1 ocorreu duas tentativas de suic\u00eddios, um por arma branca e outro tomando veneno.<\/font> <\/p>\n<p align=\"justify\"><font size=\"3\" face=\"Arial\">Em dois anos, Bom Conselho registrou 17 suic\u00eddios, com o de hoje. O que ser\u00e1 que est\u00e1 acontecendo em nossa cidade? Falta de Deus na vida? De todos os casos de suic\u00eddio em Bom Conselho, a maioria foi por enforcamento. Segundo a madrasta dele, informou a nossa reportagem que ele j\u00e1 tentou outras vezes tirar a pr\u00f3pria vida usando uma faca, mas, foi impedido pelos familiares.<\/font> <\/p>\n<p align=\"justify\"><font size=\"3\" face=\"Arial Black\">Fonte&nbsp; &#8211;&nbsp; Blog do Cl\u00e1udio Andr\u00e9 O Poeta<\/font><\/p>\n<div style=\"margin-top: 0px; margin-bottom: 0px;\" class=\"sharethis-inline-share-buttons\" ><\/div>","protected":false},"excerpt":{"rendered":"<p>O jovem de 27 anos de idade, desempregado e que morava com o pai e a madrasta, conhecido por Ednaldo Freitas da Silva, se enforcou dentro do quarto onde dormia. A PM est\u00e1 no local nesse momento. Possivelmente ele se enforcou na madrugada desta ter\u00e7a-feira, 11\/03, mas, somente agora pela manh\u00e3 \u00e9 que o pai [&hellip;]<\/p>\n","protected":false},"author":1,"featured_media":0,"comment_status":"open","ping_status":"open","sticky":false,"template":"","format":"standard","meta":{"footnotes":""},"categories":[2],"tags":[],"class_list":["post-730","post","type-post","status-publish","format-standard","hentry","category-noticias-do-dia"],"_links":{"self":[{"href":"https:\/\/www.saloanoticias.com\/v1\/wp-json\/wp\/v2\/posts\/730","targetHints":{"allow":["GET"]}}],"collection":[{"href":"https:\/\/www.saloanoticias.com\/v1\/wp-json\/wp\/v2\/posts"}],"about":[{"href":"https:\/\/www.saloanoticias.com\/v1\/wp-json\/wp\/v2\/types\/post"}],"author":[{"embeddable":true,"href":"https:\/\/www.saloanoticias.com\/v1\/wp-json\/wp\/v2\/users\/1"}],"replies":[{"embeddable":true,"href":"https:\/\/www.saloanoticias.com\/v1\/wp-json\/wp\/v2\/comments?post=730"}],"version-history":[{"count":0,"href":"https:\/\/www.saloanoticias.com\/v1\/wp-json\/wp\/v2\/posts\/730\/revisions"}],"wp:attachment":[{"href":"https:\/\/www.saloanoticias.com\/v1\/wp-json\/wp\/v2\/media?parent=730"}],"wp:term":[{"taxonomy":"category","embeddable":true,"href":"https:\/\/www.saloanoticias.com\/v1\/wp-json\/wp\/v2\/categories?post=730"},{"taxonomy":"post_tag","embeddable":true,"href":"https:\/\/www.saloanoticias.com\/v1\/wp-json\/wp\/v2\/tags?post=730"}],"curies":[{"name":"wp","href":"https:\/\/api.w.org\/{rel}","templated":true}]}}