{"id":7295,"date":"2019-03-17T01:16:12","date_gmt":"2019-03-17T01:16:12","guid":{"rendered":"https:\/\/saloanoticias.com\/v1\/?p=7295"},"modified":"2019-03-17T01:24:39","modified_gmt":"2019-03-17T01:24:39","slug":"vereador-ronaldinho-psb-destaca-as-acoes-do-governo-municipal","status":"publish","type":"post","link":"https:\/\/www.saloanoticias.com\/v1\/vereador-ronaldinho-psb-destaca-as-acoes-do-governo-municipal\/","title":{"rendered":"VEREADOR RONALDINHO (PSB) DESTACA AS A\u00c7\u00d5ES DO GOVERNO MUNICIPAL"},"content":{"rendered":"<p><img loading=\"lazy\" decoding=\"async\" width=\"1024\" height=\"678\" class=\"aligncenter size-full wp-image-7293\" src=\"https:\/\/saloanoticias.com\/v1\/wp-content\/uploads\/2019\/03\/ronaldinho-birunda.jpeg\" alt=\"\" srcset=\"https:\/\/www.saloanoticias.com\/v1\/wp-content\/uploads\/2019\/03\/ronaldinho-birunda.jpeg 1024w, https:\/\/www.saloanoticias.com\/v1\/wp-content\/uploads\/2019\/03\/ronaldinho-birunda-300x199.jpeg 300w, https:\/\/www.saloanoticias.com\/v1\/wp-content\/uploads\/2019\/03\/ronaldinho-birunda-768x509.jpeg 768w\" sizes=\"auto, (max-width: 1024px) 100vw, 1024px\" \/>O vereador Ronaldinho (PSB), que atualmente \u00e9 Vice-Presidente do Poder Legislativo, fez uma resumida explana\u00e7\u00e3o das boas a\u00e7\u00f5es desenvolvidas pelo Governo no Munic\u00edpio, na \u00faltima sess\u00e3o legislativa na C\u00e2mara dos Vereadores de Salo\u00e1. O parlamentar come\u00e7ou agradecendo ao prefeito Ricardo pelo cuidado que tem tido com as estradas do Munic\u00edpio, atrav\u00e9s da Secretaria de Transportes, principalmente nas vias que ligam a sede aos povoados Serrinha da Prata e Prata, al\u00e9m da estrada que liga Salo\u00e1 \u00e0 cidade de Terezinha\/PE.<\/p>\n<p>Ronaldinho ainda destacou o brilhante trabalho realizado na Casa de Apoio que fica na capital, que tem provocado muitos aplausos por parte da popula\u00e7\u00e3o que vem reconhecendo o grande servi\u00e7o que \u00e9 prestado aos saloaenses que necessitam se deslocar ao Recife para fazer exames e tratamentos de sa\u00fade. Neste ponto, o vereador foi acompanhado pelos vereadores Beto da Sa\u00fade e Jamel\u00e3o que usaram da palavra pela ordem e confirmaram tudo o que Roaldinho vinha falando.<\/p>\n<p>Osvaldo Ronaldo ainda agradeceu pelo excelente abastecimento de \u00e1gua na comunidade do povoado S\u00e3o Serafim, dizendo que esteve nesta localidade e os moradores estavam bastante satisfeitos com o trabalho. O parlamentar finalizou parabenizando a gest\u00e3o pelo evento realizado na quadra da Escola S\u00e3o Vicente ocorrido na \u00faltima ter\u00e7a-feira (12) em alus\u00e3o ao Dia Internacional da Mulher, parabenizando a coordenadora Lib\u00e2nia Ara\u00fajo, aos secret\u00e1rios Carlos Ouro Preto, Manuela Torres e Deangelles Florentino pela a\u00e7\u00e3o.<\/p>\n<div style=\"margin-top: 0px; margin-bottom: 0px;\" class=\"sharethis-inline-share-buttons\" ><\/div>","protected":false},"excerpt":{"rendered":"<p>O vereador Ronaldinho (PSB), que atualmente \u00e9 Vice-Presidente do Poder Legislativo, fez uma resumida explana\u00e7\u00e3o das boas a\u00e7\u00f5es desenvolvidas pelo Governo no Munic\u00edpio, na \u00faltima sess\u00e3o legislativa na C\u00e2mara dos Vereadores de Salo\u00e1. O parlamentar come\u00e7ou agradecendo ao prefeito Ricardo pelo cuidado que tem tido com as estradas do Munic\u00edpio, atrav\u00e9s da Secretaria de Transportes, [&hellip;]<\/p>\n","protected":false},"author":2,"featured_media":7297,"comment_status":"open","ping_status":"open","sticky":false,"template":"","format":"standard","meta":{"footnotes":""},"categories":[2],"tags":[],"class_list":["post-7295","post","type-post","status-publish","format-standard","has-post-thumbnail","hentry","category-noticias-do-dia"],"_links":{"self":[{"href":"https:\/\/www.saloanoticias.com\/v1\/wp-json\/wp\/v2\/posts\/7295","targetHints":{"allow":["GET"]}}],"collection":[{"href":"https:\/\/www.saloanoticias.com\/v1\/wp-json\/wp\/v2\/posts"}],"about":[{"href":"https:\/\/www.saloanoticias.com\/v1\/wp-json\/wp\/v2\/types\/post"}],"author":[{"embeddable":true,"href":"https:\/\/www.saloanoticias.com\/v1\/wp-json\/wp\/v2\/users\/2"}],"replies":[{"embeddable":true,"href":"https:\/\/www.saloanoticias.com\/v1\/wp-json\/wp\/v2\/comments?post=7295"}],"version-history":[{"count":5,"href":"https:\/\/www.saloanoticias.com\/v1\/wp-json\/wp\/v2\/posts\/7295\/revisions"}],"predecessor-version":[{"id":7301,"href":"https:\/\/www.saloanoticias.com\/v1\/wp-json\/wp\/v2\/posts\/7295\/revisions\/7301"}],"wp:featuredmedia":[{"embeddable":true,"href":"https:\/\/www.saloanoticias.com\/v1\/wp-json\/wp\/v2\/media\/7297"}],"wp:attachment":[{"href":"https:\/\/www.saloanoticias.com\/v1\/wp-json\/wp\/v2\/media?parent=7295"}],"wp:term":[{"taxonomy":"category","embeddable":true,"href":"https:\/\/www.saloanoticias.com\/v1\/wp-json\/wp\/v2\/categories?post=7295"},{"taxonomy":"post_tag","embeddable":true,"href":"https:\/\/www.saloanoticias.com\/v1\/wp-json\/wp\/v2\/tags?post=7295"}],"curies":[{"name":"wp","href":"https:\/\/api.w.org\/{rel}","templated":true}]}}