{"id":729,"date":"2014-03-11T12:47:44","date_gmt":"2014-03-11T12:47:44","guid":{"rendered":"https:\/\/saloanoticias.mrmediaweb.com\/v1\/2014\/03\/11\/sepultamento-de-jose-hortencio-sera-as-3-da-tarde-no-gigante\/"},"modified":"2014-03-11T12:47:44","modified_gmt":"2014-03-11T12:47:44","slug":"sepultamento-de-jose-hortencio-sera-as-3-da-tarde-no-gigante","status":"publish","type":"post","link":"https:\/\/www.saloanoticias.com\/v1\/sepultamento-de-jose-hortencio-sera-as-3-da-tarde-no-gigante\/","title":{"rendered":"SEPULTAMENTO DE JOS\u00c9 ORT\u00caNCIO SER\u00c1 \u00c0S 3 DA TARDE NO POVOADO GIGANTE"},"content":{"rendered":"<p align=\"justify\"><font size=\"3\"><\/a><font face=\"Arial\"><a href=\"http:\/\/www.saloanoticias.com\/images\/z_7a1f57e2dbdc6385c953935922d8db5d.jpg\"><img loading=\"lazy\" decoding=\"async\" title=\"Z&eacute;\" style=\"border-top: 0px; border-right: 0px; background-image: none; border-bottom: 0px; float: left; padding-top: 0px; padding-left: 0px; margin: 5px 5px 0px 0px; border-left: 0px; display: inline; padding-right: 0px\" border=\"0\" alt=\"Z&eacute;\" align=\"left\" src=\"http:\/\/www.saloanoticias.com\/v1\/wp-content\/uploads\/imagens\/z_thumb_89ef3173bec1fd9111a4b1daefce215f.jpg\" width=\"199\" height=\"185\"><\/a>Fomos informados agora a pouco pela fam\u00edlia do Sr. Jos\u00e9 Hort\u00eancio Barra Nova, v\u00edtima de um infarte fulminante no final da tarde de ontem, que o seu sepultamento acontecer\u00e1 logo mais \u00e0s 15 horas, 3 da tarde, no cemit\u00e9rio do povoado Gigante na zona rural de Salo\u00e1\/PE. O corpo de Jos\u00e9 est\u00e1 sendo velado em sua resid\u00eancia no s\u00edtio Santo Ant\u00f4nio de onde sair\u00e1 o cortejo f\u00fanebre. Os parentes e amigos agradecem desde j\u00e1, aos que comparecerem a este ato de f\u00e9 e irmandade crist\u00e3.<\/font><\/font><\/p>\n<p align=\"justify\"><font size=\"3\" face=\"Arial Black\">Foto retirada do Facebook de Ewerton Taveira<\/font><\/p>\n<div style=\"margin-top: 0px; margin-bottom: 0px;\" class=\"sharethis-inline-share-buttons\" ><\/div>","protected":false},"excerpt":{"rendered":"<p>Fomos informados agora a pouco pela fam\u00edlia do Sr. Jos\u00e9 Hort\u00eancio Barra Nova, v\u00edtima de um infarte fulminante no final da tarde de ontem, que o seu sepultamento acontecer\u00e1 logo mais \u00e0s 15 horas, 3 da tarde, no cemit\u00e9rio do povoado Gigante na zona rural de Salo\u00e1\/PE. O corpo de Jos\u00e9 est\u00e1 sendo velado em [&hellip;]<\/p>\n","protected":false},"author":1,"featured_media":0,"comment_status":"open","ping_status":"open","sticky":false,"template":"","format":"standard","meta":{"footnotes":""},"categories":[2],"tags":[],"class_list":["post-729","post","type-post","status-publish","format-standard","hentry","category-noticias-do-dia"],"_links":{"self":[{"href":"https:\/\/www.saloanoticias.com\/v1\/wp-json\/wp\/v2\/posts\/729","targetHints":{"allow":["GET"]}}],"collection":[{"href":"https:\/\/www.saloanoticias.com\/v1\/wp-json\/wp\/v2\/posts"}],"about":[{"href":"https:\/\/www.saloanoticias.com\/v1\/wp-json\/wp\/v2\/types\/post"}],"author":[{"embeddable":true,"href":"https:\/\/www.saloanoticias.com\/v1\/wp-json\/wp\/v2\/users\/1"}],"replies":[{"embeddable":true,"href":"https:\/\/www.saloanoticias.com\/v1\/wp-json\/wp\/v2\/comments?post=729"}],"version-history":[{"count":0,"href":"https:\/\/www.saloanoticias.com\/v1\/wp-json\/wp\/v2\/posts\/729\/revisions"}],"wp:attachment":[{"href":"https:\/\/www.saloanoticias.com\/v1\/wp-json\/wp\/v2\/media?parent=729"}],"wp:term":[{"taxonomy":"category","embeddable":true,"href":"https:\/\/www.saloanoticias.com\/v1\/wp-json\/wp\/v2\/categories?post=729"},{"taxonomy":"post_tag","embeddable":true,"href":"https:\/\/www.saloanoticias.com\/v1\/wp-json\/wp\/v2\/tags?post=729"}],"curies":[{"name":"wp","href":"https:\/\/api.w.org\/{rel}","templated":true}]}}