{"id":7281,"date":"2019-03-17T00:37:38","date_gmt":"2019-03-17T00:37:38","guid":{"rendered":"https:\/\/saloanoticias.com\/v1\/?p=7281"},"modified":"2019-03-17T00:48:46","modified_gmt":"2019-03-17T00:48:46","slug":"chegou-a-hora-14a-edicao-da-trilha-cachoeira-acontece-neste-domingo-17","status":"publish","type":"post","link":"https:\/\/www.saloanoticias.com\/v1\/chegou-a-hora-14a-edicao-da-trilha-cachoeira-acontece-neste-domingo-17\/","title":{"rendered":"CHEGOU A HORA: 14\u00aa EDI\u00c7\u00c3O DA TRILHA CACHOEIRA ACONTECE NESTE DOMINGO, 17"},"content":{"rendered":"<p><img loading=\"lazy\" decoding=\"async\" class=\"aligncenter wp-image-7282\" src=\"https:\/\/saloanoticias.com\/v1\/wp-content\/uploads\/2019\/03\/trilha-saloa.jpg\" alt=\"\" width=\"1086\" height=\"1086\" srcset=\"https:\/\/www.saloanoticias.com\/v1\/wp-content\/uploads\/2019\/03\/trilha-saloa.jpg 768w, https:\/\/www.saloanoticias.com\/v1\/wp-content\/uploads\/2019\/03\/trilha-saloa-300x300.jpg 300w, https:\/\/www.saloanoticias.com\/v1\/wp-content\/uploads\/2019\/03\/trilha-saloa-150x150.jpg 150w, https:\/\/www.saloanoticias.com\/v1\/wp-content\/uploads\/2019\/03\/trilha-saloa-80x80.jpg 80w\" sizes=\"auto, (max-width: 1086px) 100vw, 1086px\" \/>Acontecer\u00e1 amanh\u00e3, dia 17 de mar\u00e7o de 2019, a 14\u00aa Edi\u00e7\u00e3o da \u201cTrilha da Cachoeira\u201d em Salo\u00e1\/PE. O evento que \u00e9 realizado todos os anos re\u00fane centenas de trilheiros vindos dos quatro cantos do nordeste. Este ano os organizadores da festa prometem muitas novidades na estrutura do evento com novas rotas e obst\u00e1culos. Como sempre acontece, o apoio cultural \u00e9 da Prefeitura Municipal de Salo\u00e1\/PE.<\/p>\n<p>A Trilha da Cachoeira est\u00e1 marcada para ter in\u00edcio a partir das 8h da manh\u00e3 com um caf\u00e9 da manh\u00e3 na quadra da Escola Municipal S\u00e3o Vicente e depois com a ben\u00e7\u00e3o dada pelo padre Jos\u00e9 Everaldo, na frente da igreja matriz de S\u00e3o Vicente de Paulo, logo depois os trilheiros far\u00e3o um passeio pelas principais ruas da cidade e come\u00e7ar\u00e3o o percurso com muita aventura e adrenalina. Al\u00e9m da festa com as motos haver\u00e1 um grande show na pra\u00e7a S\u00e3o Vicente com Jeanderson Silva, levando muita anima\u00e7\u00e3o com o caminh\u00e3o PlokSom da cidade de Bom Conselho. Mais informa\u00e7\u00f5es da trilha pelos telefones <strong><em>(87)\u00a098101.8085 e (87) 98103.6657, <\/em><\/strong>ou no local do evento com o vereador Tisley Vicente, idealizador do evento. A 14\u00aa Trilha da Cachoeira tem uma organiza\u00e7\u00e3o dos &#8220;Radicais da Cachoeira Trilha Clube&#8221;.<\/p>\n<div style=\"margin-top: 0px; margin-bottom: 0px;\" class=\"sharethis-inline-share-buttons\" ><\/div>","protected":false},"excerpt":{"rendered":"<p>Acontecer\u00e1 amanh\u00e3, dia 17 de mar\u00e7o de 2019, a 14\u00aa Edi\u00e7\u00e3o da \u201cTrilha da Cachoeira\u201d em Salo\u00e1\/PE. O evento que \u00e9 realizado todos os anos re\u00fane centenas de trilheiros vindos dos quatro cantos do nordeste. Este ano os organizadores da festa prometem muitas novidades na estrutura do evento com novas rotas e obst\u00e1culos. Como sempre [&hellip;]<\/p>\n","protected":false},"author":2,"featured_media":7283,"comment_status":"open","ping_status":"open","sticky":false,"template":"","format":"standard","meta":{"footnotes":""},"categories":[2],"tags":[],"class_list":["post-7281","post","type-post","status-publish","format-standard","has-post-thumbnail","hentry","category-noticias-do-dia"],"_links":{"self":[{"href":"https:\/\/www.saloanoticias.com\/v1\/wp-json\/wp\/v2\/posts\/7281","targetHints":{"allow":["GET"]}}],"collection":[{"href":"https:\/\/www.saloanoticias.com\/v1\/wp-json\/wp\/v2\/posts"}],"about":[{"href":"https:\/\/www.saloanoticias.com\/v1\/wp-json\/wp\/v2\/types\/post"}],"author":[{"embeddable":true,"href":"https:\/\/www.saloanoticias.com\/v1\/wp-json\/wp\/v2\/users\/2"}],"replies":[{"embeddable":true,"href":"https:\/\/www.saloanoticias.com\/v1\/wp-json\/wp\/v2\/comments?post=7281"}],"version-history":[{"count":8,"href":"https:\/\/www.saloanoticias.com\/v1\/wp-json\/wp\/v2\/posts\/7281\/revisions"}],"predecessor-version":[{"id":7291,"href":"https:\/\/www.saloanoticias.com\/v1\/wp-json\/wp\/v2\/posts\/7281\/revisions\/7291"}],"wp:featuredmedia":[{"embeddable":true,"href":"https:\/\/www.saloanoticias.com\/v1\/wp-json\/wp\/v2\/media\/7283"}],"wp:attachment":[{"href":"https:\/\/www.saloanoticias.com\/v1\/wp-json\/wp\/v2\/media?parent=7281"}],"wp:term":[{"taxonomy":"category","embeddable":true,"href":"https:\/\/www.saloanoticias.com\/v1\/wp-json\/wp\/v2\/categories?post=7281"},{"taxonomy":"post_tag","embeddable":true,"href":"https:\/\/www.saloanoticias.com\/v1\/wp-json\/wp\/v2\/tags?post=7281"}],"curies":[{"name":"wp","href":"https:\/\/api.w.org\/{rel}","templated":true}]}}