{"id":7274,"date":"2019-03-16T13:47:13","date_gmt":"2019-03-16T13:47:13","guid":{"rendered":"https:\/\/saloanoticias.com\/v1\/?p=7274"},"modified":"2019-03-16T13:50:29","modified_gmt":"2019-03-16T13:50:29","slug":"nota-de-falecimento-cicero-ferreira-da-silva-bodao","status":"publish","type":"post","link":"https:\/\/www.saloanoticias.com\/v1\/nota-de-falecimento-cicero-ferreira-da-silva-bodao\/","title":{"rendered":"NOTA DE FALECIMENTO: C\u00cdCERO FERREIRA DA SILVA (BOD\u00c3O)"},"content":{"rendered":"<p><img loading=\"lazy\" decoding=\"async\" class=\"aligncenter wp-image-7275\" src=\"https:\/\/saloanoticias.com\/v1\/wp-content\/uploads\/2019\/03\/nota-falecimento.png\" alt=\"\" width=\"1195\" height=\"775\" srcset=\"https:\/\/www.saloanoticias.com\/v1\/wp-content\/uploads\/2019\/03\/nota-falecimento.png 800w, https:\/\/www.saloanoticias.com\/v1\/wp-content\/uploads\/2019\/03\/nota-falecimento-300x195.png 300w, https:\/\/www.saloanoticias.com\/v1\/wp-content\/uploads\/2019\/03\/nota-falecimento-768x498.png 768w\" sizes=\"auto, (max-width: 1195px) 100vw, 1195px\" \/>\u00c9 com profundo pesar que a vi\u00fava Maria Jos\u00e9 Ferreira (Maria de Bod\u00e3o), os filhos Maria Ferreira, Celson Ferreira, Irani Ferreira e La\u00e9rcio Ferreira, irm\u00e3os, noras e genros comunicam o falecimento de C\u00edcero Ferreira da Silva, mais conhecido por \u201cBod\u00e3o\u201d, que veio a \u00f3bito neste dia 16 de mar\u00e7o de 2019. O corpo est\u00e1 sendo velado em sua resid\u00eancia no s\u00edtio Catimbau do Meio de onde sair\u00e1 para o sepultamento \u00e0s 15h no cemit\u00e9rio S\u00e3o Luiz Gonzaga da cidade de Paranatama\/PE. A fam\u00edlia agradece a todos que comparecerem a este ato de f\u00e9 e caridade crist\u00e3.<\/p>\n<div style=\"margin-top: 0px; margin-bottom: 0px;\" class=\"sharethis-inline-share-buttons\" ><\/div>","protected":false},"excerpt":{"rendered":"<p>\u00c9 com profundo pesar que a vi\u00fava Maria Jos\u00e9 Ferreira (Maria de Bod\u00e3o), os filhos Maria Ferreira, Celson Ferreira, Irani Ferreira e La\u00e9rcio Ferreira, irm\u00e3os, noras e genros comunicam o falecimento de C\u00edcero Ferreira da Silva, mais conhecido por \u201cBod\u00e3o\u201d, que veio a \u00f3bito neste dia 16 de mar\u00e7o de 2019. O corpo est\u00e1 sendo [&hellip;]<\/p>\n","protected":false},"author":2,"featured_media":7275,"comment_status":"open","ping_status":"open","sticky":false,"template":"","format":"standard","meta":{"footnotes":""},"categories":[2],"tags":[],"class_list":["post-7274","post","type-post","status-publish","format-standard","has-post-thumbnail","hentry","category-noticias-do-dia"],"_links":{"self":[{"href":"https:\/\/www.saloanoticias.com\/v1\/wp-json\/wp\/v2\/posts\/7274","targetHints":{"allow":["GET"]}}],"collection":[{"href":"https:\/\/www.saloanoticias.com\/v1\/wp-json\/wp\/v2\/posts"}],"about":[{"href":"https:\/\/www.saloanoticias.com\/v1\/wp-json\/wp\/v2\/types\/post"}],"author":[{"embeddable":true,"href":"https:\/\/www.saloanoticias.com\/v1\/wp-json\/wp\/v2\/users\/2"}],"replies":[{"embeddable":true,"href":"https:\/\/www.saloanoticias.com\/v1\/wp-json\/wp\/v2\/comments?post=7274"}],"version-history":[{"count":3,"href":"https:\/\/www.saloanoticias.com\/v1\/wp-json\/wp\/v2\/posts\/7274\/revisions"}],"predecessor-version":[{"id":7278,"href":"https:\/\/www.saloanoticias.com\/v1\/wp-json\/wp\/v2\/posts\/7274\/revisions\/7278"}],"wp:featuredmedia":[{"embeddable":true,"href":"https:\/\/www.saloanoticias.com\/v1\/wp-json\/wp\/v2\/media\/7275"}],"wp:attachment":[{"href":"https:\/\/www.saloanoticias.com\/v1\/wp-json\/wp\/v2\/media?parent=7274"}],"wp:term":[{"taxonomy":"category","embeddable":true,"href":"https:\/\/www.saloanoticias.com\/v1\/wp-json\/wp\/v2\/categories?post=7274"},{"taxonomy":"post_tag","embeddable":true,"href":"https:\/\/www.saloanoticias.com\/v1\/wp-json\/wp\/v2\/tags?post=7274"}],"curies":[{"name":"wp","href":"https:\/\/api.w.org\/{rel}","templated":true}]}}