{"id":727,"date":"2014-03-11T14:00:00","date_gmt":"2014-03-11T14:00:00","guid":{"rendered":"https:\/\/saloanoticias.mrmediaweb.com\/v1\/2014\/03\/11\/saloa-conclui-semana-da-mulher-com-acao-solidaria\/"},"modified":"2014-03-11T14:00:00","modified_gmt":"2014-03-11T14:00:00","slug":"saloa-conclui-semana-da-mulher-com-acao-solidaria","status":"publish","type":"post","link":"https:\/\/www.saloanoticias.com\/v1\/saloa-conclui-semana-da-mulher-com-acao-solidaria\/","title":{"rendered":"SALO\u00c1 CONCLUI SEMANA DA MULHER COM A\u00c7\u00c3O SOLID\u00c1RIA"},"content":{"rendered":"<p align=\"justify\"><font size=\"3\" face=\"Arial\"><a href=\"http:\/\/www.saloanoticias.com\/images\/dia-internacional-da-mulher.jpg\"><img loading=\"lazy\" decoding=\"async\" title=\"dia-internacional-da-mulher\" style=\"border-top: 0px; border-right: 0px; background-image: none; border-bottom: 0px; float: left; padding-top: 0px; padding-left: 0px; margin: 5px 5px 0px 0px; border-left: 0px; display: inline; padding-right: 0px\" border=\"0\" alt=\"dia-internacional-da-mulher\" align=\"left\" src=\"http:\/\/www.saloanoticias.com\/v1\/wp-content\/uploads\/imagens\/dia-internacional-da-mulher_thumb.jpg\" width=\"240\" height=\"167\"><\/a>A Secretaria de Assist\u00eancia Social de Salo\u00e1, atrav\u00e9s da Coordenadoria da Mulher, dando segmento \u00e0s comemora\u00e7\u00f5es alusivas ao dia Internacional da Mulher (8 de mar\u00e7o), realiza logo mais, a partir das 14 horas, uma palestra direcionada aos servidores da Secretaria de Obras, Infraestrutura e Transportes. <\/font><font size=\"3\" face=\"Arial\">\u201cNossa inten\u00e7\u00e3o \u00e9 sensibilizar todos os setores da administra\u00e7\u00e3o p\u00fablica para a preven\u00e7\u00e3o da viol\u00eancia contra a mulher.<\/font> <\/p>\n<p align=\"justify\"><font size=\"3\" face=\"Arial\">A doutora Claudomira Andrade e Selma Melo ser\u00e3o nossas palestrantes. Esperamos contar com todos os servidores\u201d, lembrou o secret\u00e1rio de Assist\u00eancia Social, Carlos Ouro Preto. <\/font><font size=\"3\" face=\"Arial\">A Semana da Mulher, que teve in\u00edcio no dia 09, segue at\u00e9 amanh\u00e3, dia 12, quando ser\u00e1 montado na Pra\u00e7a S\u00e3o Vicente, no centro de Salo\u00e1, o Espa\u00e7o Mulher, trazendo um mutir\u00e3o de a\u00e7\u00f5es para o p\u00fablico feminino, como corte de cabelo, Manicure, massagem, al\u00e9m de aferi\u00e7\u00e3o de press\u00e3o arterial, teste de glicemia e atendimento do Cadastro \u00fanico\/bolsa fam\u00edlia.<\/font> <\/p>\n<p align=\"justify\"><font size=\"3\" face=\"Arial Black\">Fonte&nbsp; &#8211;&nbsp; Ascom\/Prefeitura de Salo\u00e1<\/font><\/p>\n<div style=\"margin-top: 0px; margin-bottom: 0px;\" class=\"sharethis-inline-share-buttons\" ><\/div>","protected":false},"excerpt":{"rendered":"<p>A Secretaria de Assist\u00eancia Social de Salo\u00e1, atrav\u00e9s da Coordenadoria da Mulher, dando segmento \u00e0s comemora\u00e7\u00f5es alusivas ao dia Internacional da Mulher (8 de mar\u00e7o), realiza logo mais, a partir das 14 horas, uma palestra direcionada aos servidores da Secretaria de Obras, Infraestrutura e Transportes. \u201cNossa inten\u00e7\u00e3o \u00e9 sensibilizar todos os setores da administra\u00e7\u00e3o p\u00fablica [&hellip;]<\/p>\n","protected":false},"author":1,"featured_media":0,"comment_status":"open","ping_status":"open","sticky":false,"template":"","format":"standard","meta":{"footnotes":""},"categories":[2],"tags":[],"class_list":["post-727","post","type-post","status-publish","format-standard","hentry","category-noticias-do-dia"],"_links":{"self":[{"href":"https:\/\/www.saloanoticias.com\/v1\/wp-json\/wp\/v2\/posts\/727","targetHints":{"allow":["GET"]}}],"collection":[{"href":"https:\/\/www.saloanoticias.com\/v1\/wp-json\/wp\/v2\/posts"}],"about":[{"href":"https:\/\/www.saloanoticias.com\/v1\/wp-json\/wp\/v2\/types\/post"}],"author":[{"embeddable":true,"href":"https:\/\/www.saloanoticias.com\/v1\/wp-json\/wp\/v2\/users\/1"}],"replies":[{"embeddable":true,"href":"https:\/\/www.saloanoticias.com\/v1\/wp-json\/wp\/v2\/comments?post=727"}],"version-history":[{"count":0,"href":"https:\/\/www.saloanoticias.com\/v1\/wp-json\/wp\/v2\/posts\/727\/revisions"}],"wp:attachment":[{"href":"https:\/\/www.saloanoticias.com\/v1\/wp-json\/wp\/v2\/media?parent=727"}],"wp:term":[{"taxonomy":"category","embeddable":true,"href":"https:\/\/www.saloanoticias.com\/v1\/wp-json\/wp\/v2\/categories?post=727"},{"taxonomy":"post_tag","embeddable":true,"href":"https:\/\/www.saloanoticias.com\/v1\/wp-json\/wp\/v2\/tags?post=727"}],"curies":[{"name":"wp","href":"https:\/\/api.w.org\/{rel}","templated":true}]}}