{"id":7266,"date":"2019-03-16T12:48:46","date_gmt":"2019-03-16T12:48:46","guid":{"rendered":"https:\/\/saloanoticias.com\/v1\/?p=7266"},"modified":"2019-03-16T16:37:05","modified_gmt":"2019-03-16T16:37:05","slug":"susto-deputado-danilo-cabral-sofre-acidente-em-custodia-pe","status":"publish","type":"post","link":"https:\/\/www.saloanoticias.com\/v1\/susto-deputado-danilo-cabral-sofre-acidente-em-custodia-pe\/","title":{"rendered":"URGENTE: DEPUTADO DANILO CABRAL SOFRE ACIDENTE EM BET\u00c2NIA\/PE"},"content":{"rendered":"<p><img loading=\"lazy\" decoding=\"async\" width=\"1024\" height=\"768\" class=\"aligncenter size-full wp-image-7267\" src=\"https:\/\/saloanoticias.com\/v1\/wp-content\/uploads\/2019\/03\/danilo-cabral.jpeg\" alt=\"\" srcset=\"https:\/\/www.saloanoticias.com\/v1\/wp-content\/uploads\/2019\/03\/danilo-cabral.jpeg 1024w, https:\/\/www.saloanoticias.com\/v1\/wp-content\/uploads\/2019\/03\/danilo-cabral-300x225.jpeg 300w, https:\/\/www.saloanoticias.com\/v1\/wp-content\/uploads\/2019\/03\/danilo-cabral-768x576.jpeg 768w\" sizes=\"auto, (max-width: 1024px) 100vw, 1024px\" \/>O carro que transportava o deputado federal Danilo Cabral (PSB) sofreu uma colis\u00e3o em Bet\u00e2nia. Segundo informa\u00e7\u00f5es, o ve\u00edculo bateu em um boi que estava na pista, mas todos que estavam no carro passam bem. Em nota, o deputado federal Danilo Cabral (PSB) agradece as manifesta\u00e7\u00f5es de aten\u00e7\u00e3o e carinho devido ao acidente que sofreu quando cumpria agenda no Sert\u00e3o do estado nesta sexta-feira (15). O carro em que o parlamentar viajava, com mais tr\u00eas assessores, colidiu com uma pequena boiada que atravessava a pista. Apesar da gravidade do acidente, todos passam bem. <em>Fonte: Blog do Edmar Lyra<\/em><\/p>\n<p><img loading=\"lazy\" decoding=\"async\" class=\"aligncenter wp-image-7279\" src=\"https:\/\/saloanoticias.com\/v1\/wp-content\/uploads\/2019\/03\/acidente-danilo-cabral.jpeg\" alt=\"\" width=\"1028\" height=\"811\" srcset=\"https:\/\/www.saloanoticias.com\/v1\/wp-content\/uploads\/2019\/03\/acidente-danilo-cabral.jpeg 768w, https:\/\/www.saloanoticias.com\/v1\/wp-content\/uploads\/2019\/03\/acidente-danilo-cabral-300x236.jpeg 300w\" sizes=\"auto, (max-width: 1028px) 100vw, 1028px\" \/><\/p>\n<p style=\"text-align: center;\"><strong><u>Confira a nota<\/u><\/strong><\/p>\n<p><em>Amigos, De fato, sofremos um acidente voltando do Sert\u00e3o. Foi um grande susto. Volt\u00e1vamos na estrada da cidade Bet\u00e2nia, quando uma pequena boiada atravessou na pista. Pegamos dois deles de frente. Mas, gra\u00e7as a Deus, apesar da gravidade do acidente, ningu\u00e9m sofreu nada.\u00a0Para os que t\u00eam f\u00e9, como eu, foi um livramento divino. Estamos, todos os quatro integrantes, bem! Nesse momento, estamos voltando para o Recife. Obrigado pela aten\u00e7\u00e3o. Deus no comando! Sempre! Abra\u00e7o,\u00a0<\/em><\/p>\n<p style=\"text-align: center;\">Danilo Cabral<\/p>\n<div style=\"margin-top: 0px; margin-bottom: 0px;\" class=\"sharethis-inline-share-buttons\" ><\/div>","protected":false},"excerpt":{"rendered":"<p>O carro que transportava o deputado federal Danilo Cabral (PSB) sofreu uma colis\u00e3o em Bet\u00e2nia. Segundo informa\u00e7\u00f5es, o ve\u00edculo bateu em um boi que estava na pista, mas todos que estavam no carro passam bem. Em nota, o deputado federal Danilo Cabral (PSB) agradece as manifesta\u00e7\u00f5es de aten\u00e7\u00e3o e carinho devido ao acidente que sofreu [&hellip;]<\/p>\n","protected":false},"author":2,"featured_media":7273,"comment_status":"open","ping_status":"open","sticky":false,"template":"","format":"standard","meta":{"footnotes":""},"categories":[2],"tags":[],"class_list":["post-7266","post","type-post","status-publish","format-standard","has-post-thumbnail","hentry","category-noticias-do-dia"],"_links":{"self":[{"href":"https:\/\/www.saloanoticias.com\/v1\/wp-json\/wp\/v2\/posts\/7266","targetHints":{"allow":["GET"]}}],"collection":[{"href":"https:\/\/www.saloanoticias.com\/v1\/wp-json\/wp\/v2\/posts"}],"about":[{"href":"https:\/\/www.saloanoticias.com\/v1\/wp-json\/wp\/v2\/types\/post"}],"author":[{"embeddable":true,"href":"https:\/\/www.saloanoticias.com\/v1\/wp-json\/wp\/v2\/users\/2"}],"replies":[{"embeddable":true,"href":"https:\/\/www.saloanoticias.com\/v1\/wp-json\/wp\/v2\/comments?post=7266"}],"version-history":[{"count":5,"href":"https:\/\/www.saloanoticias.com\/v1\/wp-json\/wp\/v2\/posts\/7266\/revisions"}],"predecessor-version":[{"id":7280,"href":"https:\/\/www.saloanoticias.com\/v1\/wp-json\/wp\/v2\/posts\/7266\/revisions\/7280"}],"wp:featuredmedia":[{"embeddable":true,"href":"https:\/\/www.saloanoticias.com\/v1\/wp-json\/wp\/v2\/media\/7273"}],"wp:attachment":[{"href":"https:\/\/www.saloanoticias.com\/v1\/wp-json\/wp\/v2\/media?parent=7266"}],"wp:term":[{"taxonomy":"category","embeddable":true,"href":"https:\/\/www.saloanoticias.com\/v1\/wp-json\/wp\/v2\/categories?post=7266"},{"taxonomy":"post_tag","embeddable":true,"href":"https:\/\/www.saloanoticias.com\/v1\/wp-json\/wp\/v2\/tags?post=7266"}],"curies":[{"name":"wp","href":"https:\/\/api.w.org\/{rel}","templated":true}]}}