{"id":726,"date":"2014-03-10T22:17:58","date_gmt":"2014-03-10T22:17:58","guid":{"rendered":"https:\/\/saloanoticias.mrmediaweb.com\/v1\/2014\/03\/10\/ze-irmao-de-reinaldo-martins-acaba-de-falecer\/"},"modified":"2014-03-10T22:17:58","modified_gmt":"2014-03-10T22:17:58","slug":"ze-irmao-de-reinaldo-martins-acaba-de-falecer","status":"publish","type":"post","link":"https:\/\/www.saloanoticias.com\/v1\/ze-irmao-de-reinaldo-martins-acaba-de-falecer\/","title":{"rendered":"Z\u00c9, IRM\u00c3O DE REINALDO MARTINS ACABA DE FALECER EM SALO\u00c1"},"content":{"rendered":"<p align=\"justify\"><font size=\"3\" face=\"Arial\"><a href=\"http:\/\/www.saloanoticias.com\/images\/luto.gif\"><img loading=\"lazy\" decoding=\"async\" title=\"Luto\" style=\"border-top: 0px; border-right: 0px; background-image: none; border-bottom: 0px; float: left; padding-top: 0px; padding-left: 0px; margin: 5px 5px 0px 0px; border-left: 0px; display: inline; padding-right: 0px\" border=\"0\" alt=\"Luto\" align=\"left\" src=\"http:\/\/www.saloanoticias.com\/v1\/wp-content\/uploads\/imagens\/luto_thumb.gif\" width=\"198\" height=\"160\"><\/a>Acabamos de receber uma triste not\u00edcia. Acabou de falecer em Salo\u00e1 na noite desta segunda-feira (10), o nosso amigo Z\u00e9, filho de Z\u00e9 Martins e irm\u00e3o de Reinaldo Martins do s\u00edtio Santo Ant\u00f4nio na zona rural de Salo\u00e1. Pelas primeiras informa\u00e7\u00f5es repassadas a reda\u00e7\u00e3o deste blog, Z\u00e9 se sentiu mal agora a tarde, aproximadamente \u00e0s 15 horas, foi medicado, se sentiu melhor e pediu para ir para casa.<\/font><\/p>\n<p align=\"justify\"><font size=\"3\" face=\"Arial\">Ao chegar em sua resid\u00eancia sentiu-se mal de novo e veio a falecer. Tudo indica que foi um infarte fulminante. Z\u00e9 tinha aproximadamente 47 anos. A<\/font><font size=\"3\" face=\"Arial\"> qualquer momento traremos mais informa\u00e7\u00f5es sobre este lament\u00e1vel epis\u00f3dio acontecido agora a pouco com o amigo Z\u00e9. Ele trabalhava no setor de servi\u00e7os gerais da prefeitura de Salo\u00e1 e tomava conta da Pra\u00e7a S\u00e3o Vicente e era bastante querido por todos. Essa foi com certeza uma triste not\u00edcia para os saloaenses.<\/font><\/p>\n<div style=\"margin-top: 0px; margin-bottom: 0px;\" class=\"sharethis-inline-share-buttons\" ><\/div>","protected":false},"excerpt":{"rendered":"<p>Acabamos de receber uma triste not\u00edcia. Acabou de falecer em Salo\u00e1 na noite desta segunda-feira (10), o nosso amigo Z\u00e9, filho de Z\u00e9 Martins e irm\u00e3o de Reinaldo Martins do s\u00edtio Santo Ant\u00f4nio na zona rural de Salo\u00e1. Pelas primeiras informa\u00e7\u00f5es repassadas a reda\u00e7\u00e3o deste blog, Z\u00e9 se sentiu mal agora a tarde, aproximadamente \u00e0s [&hellip;]<\/p>\n","protected":false},"author":1,"featured_media":0,"comment_status":"open","ping_status":"open","sticky":false,"template":"","format":"standard","meta":{"footnotes":""},"categories":[2],"tags":[],"class_list":["post-726","post","type-post","status-publish","format-standard","hentry","category-noticias-do-dia"],"_links":{"self":[{"href":"https:\/\/www.saloanoticias.com\/v1\/wp-json\/wp\/v2\/posts\/726","targetHints":{"allow":["GET"]}}],"collection":[{"href":"https:\/\/www.saloanoticias.com\/v1\/wp-json\/wp\/v2\/posts"}],"about":[{"href":"https:\/\/www.saloanoticias.com\/v1\/wp-json\/wp\/v2\/types\/post"}],"author":[{"embeddable":true,"href":"https:\/\/www.saloanoticias.com\/v1\/wp-json\/wp\/v2\/users\/1"}],"replies":[{"embeddable":true,"href":"https:\/\/www.saloanoticias.com\/v1\/wp-json\/wp\/v2\/comments?post=726"}],"version-history":[{"count":0,"href":"https:\/\/www.saloanoticias.com\/v1\/wp-json\/wp\/v2\/posts\/726\/revisions"}],"wp:attachment":[{"href":"https:\/\/www.saloanoticias.com\/v1\/wp-json\/wp\/v2\/media?parent=726"}],"wp:term":[{"taxonomy":"category","embeddable":true,"href":"https:\/\/www.saloanoticias.com\/v1\/wp-json\/wp\/v2\/categories?post=726"},{"taxonomy":"post_tag","embeddable":true,"href":"https:\/\/www.saloanoticias.com\/v1\/wp-json\/wp\/v2\/tags?post=726"}],"curies":[{"name":"wp","href":"https:\/\/api.w.org\/{rel}","templated":true}]}}