{"id":7256,"date":"2019-03-15T14:15:47","date_gmt":"2019-03-15T14:15:47","guid":{"rendered":"https:\/\/saloanoticias.com\/v1\/?p=7256"},"modified":"2019-03-15T14:18:27","modified_gmt":"2019-03-15T14:18:27","slug":"prefeitura-realiza-festa-em-comemoracao-ao-dia-internacional-da-mulher","status":"publish","type":"post","link":"https:\/\/www.saloanoticias.com\/v1\/prefeitura-realiza-festa-em-comemoracao-ao-dia-internacional-da-mulher\/","title":{"rendered":"PREFEITURA REALIZA FESTA EM COMEMORA\u00c7\u00c3O AO DIA INTERNACIONAL DA MULHER"},"content":{"rendered":"<p><img loading=\"lazy\" decoding=\"async\" width=\"1280\" height=\"762\" class=\"aligncenter size-full wp-image-7257\" src=\"https:\/\/saloanoticias.com\/v1\/wp-content\/uploads\/2019\/03\/WhatsApp-Image-2019-03-12-at-20.07.14.jpeg\" alt=\"\" srcset=\"https:\/\/www.saloanoticias.com\/v1\/wp-content\/uploads\/2019\/03\/WhatsApp-Image-2019-03-12-at-20.07.14.jpeg 1280w, https:\/\/www.saloanoticias.com\/v1\/wp-content\/uploads\/2019\/03\/WhatsApp-Image-2019-03-12-at-20.07.14-300x179.jpeg 300w, https:\/\/www.saloanoticias.com\/v1\/wp-content\/uploads\/2019\/03\/WhatsApp-Image-2019-03-12-at-20.07.14-1024x610.jpeg 1024w, https:\/\/www.saloanoticias.com\/v1\/wp-content\/uploads\/2019\/03\/WhatsApp-Image-2019-03-12-at-20.07.14-768x457.jpeg 768w\" sizes=\"auto, (max-width: 1280px) 100vw, 1280px\" \/>A Prefeitura de Salo\u00e1, atrav\u00e9s das Secretarias de Assist\u00eancia Social, Sa\u00fade e Educa\u00e7\u00e3o realizaram na \u00faltima ter\u00e7a feira (12\/03), o 2\u00ba Dia Internacional da Mulher que aconteceu na Quadra da Escola S\u00e3o Vicente. Mais um ano a prefeitura de Salo\u00e1 homenageia as mulheres do munic\u00edpio realizando um grande evento que teve in\u00edcio \u00e0s 15hs, contou com a participa\u00e7\u00e3o de animadores, atividades f\u00edsicas, e a ilustre presen\u00e7a do grupo de ciclistas \u201cElas no Pedal\u201d, grupo formado por mulheres saloaenses, al\u00e9m de sorteios de brindes para as mulheres que participavam do evento.<\/p>\n<p>O representante da Secretaria de Assist\u00eancia Social, Carlos Ouro Preto, disse que o evento foi al\u00e9m do esperado. \u201cAcreditamos que as expectativas foram superadas, tudo foi preparado com muito carinho. Al\u00e9m de poder contar com o apoio de todas as secretarias. Com tudo isso, conseguimos alcan\u00e7ar o nosso objetivo que era proporcionar para mulheres do munic\u00edpio, um dia especial na vida de cada uma delas. N\u00e3o poderia deixar de agradecer toda a equipe da secretaria de Assist\u00eancia Social, que se dedicaram ao m\u00e1ximo para a realiza\u00e7\u00e3o do evento\u201d finaliza Carlos.<\/p>\n<div style=\"margin-top: 0px; margin-bottom: 0px;\" class=\"sharethis-inline-share-buttons\" ><\/div>","protected":false},"excerpt":{"rendered":"<p>A Prefeitura de Salo\u00e1, atrav\u00e9s das Secretarias de Assist\u00eancia Social, Sa\u00fade e Educa\u00e7\u00e3o realizaram na \u00faltima ter\u00e7a feira (12\/03), o 2\u00ba Dia Internacional da Mulher que aconteceu na Quadra da Escola S\u00e3o Vicente. Mais um ano a prefeitura de Salo\u00e1 homenageia as mulheres do munic\u00edpio realizando um grande evento que teve in\u00edcio \u00e0s 15hs, contou [&hellip;]<\/p>\n","protected":false},"author":2,"featured_media":7257,"comment_status":"open","ping_status":"open","sticky":false,"template":"","format":"standard","meta":{"footnotes":""},"categories":[2],"tags":[],"class_list":["post-7256","post","type-post","status-publish","format-standard","has-post-thumbnail","hentry","category-noticias-do-dia"],"_links":{"self":[{"href":"https:\/\/www.saloanoticias.com\/v1\/wp-json\/wp\/v2\/posts\/7256","targetHints":{"allow":["GET"]}}],"collection":[{"href":"https:\/\/www.saloanoticias.com\/v1\/wp-json\/wp\/v2\/posts"}],"about":[{"href":"https:\/\/www.saloanoticias.com\/v1\/wp-json\/wp\/v2\/types\/post"}],"author":[{"embeddable":true,"href":"https:\/\/www.saloanoticias.com\/v1\/wp-json\/wp\/v2\/users\/2"}],"replies":[{"embeddable":true,"href":"https:\/\/www.saloanoticias.com\/v1\/wp-json\/wp\/v2\/comments?post=7256"}],"version-history":[{"count":1,"href":"https:\/\/www.saloanoticias.com\/v1\/wp-json\/wp\/v2\/posts\/7256\/revisions"}],"predecessor-version":[{"id":7258,"href":"https:\/\/www.saloanoticias.com\/v1\/wp-json\/wp\/v2\/posts\/7256\/revisions\/7258"}],"wp:featuredmedia":[{"embeddable":true,"href":"https:\/\/www.saloanoticias.com\/v1\/wp-json\/wp\/v2\/media\/7257"}],"wp:attachment":[{"href":"https:\/\/www.saloanoticias.com\/v1\/wp-json\/wp\/v2\/media?parent=7256"}],"wp:term":[{"taxonomy":"category","embeddable":true,"href":"https:\/\/www.saloanoticias.com\/v1\/wp-json\/wp\/v2\/categories?post=7256"},{"taxonomy":"post_tag","embeddable":true,"href":"https:\/\/www.saloanoticias.com\/v1\/wp-json\/wp\/v2\/tags?post=7256"}],"curies":[{"name":"wp","href":"https:\/\/api.w.org\/{rel}","templated":true}]}}