{"id":725,"date":"2014-03-10T14:30:00","date_gmt":"2014-03-10T14:30:00","guid":{"rendered":"https:\/\/saloanoticias.mrmediaweb.com\/v1\/2014\/03\/10\/saloa-garante-direitos-dos-deficientes\/"},"modified":"2014-03-10T14:30:00","modified_gmt":"2014-03-10T14:30:00","slug":"saloa-garante-direitos-dos-deficientes","status":"publish","type":"post","link":"https:\/\/www.saloanoticias.com\/v1\/saloa-garante-direitos-dos-deficientes\/","title":{"rendered":"SALO\u00c1 GARANTE DIREITOS DE PESSOAS COM DEFICI\u00caNCIAS"},"content":{"rendered":"<p align=\"justify\"><font size=\"3\" face=\"Arial\"><a href=\"http:\/\/www.saloanoticias.com\/images\/asistncia-social.jpg\"><img loading=\"lazy\" decoding=\"async\" title=\"Asist&ecirc;ncia social\" style=\"border-top: 0px; border-right: 0px; background-image: none; border-bottom: 0px; float: right; padding-top: 0px; padding-left: 0px; margin: 5px 0px 0px 5px; border-left: 0px; display: inline; padding-right: 0px\" border=\"0\" alt=\"Asist&ecirc;ncia social\" align=\"right\" src=\"http:\/\/www.saloanoticias.com\/v1\/wp-content\/uploads\/imagens\/asistncia-social_thumb.jpg\" width=\"274\" height=\"183\"><\/a>Garantir os direitos e melhoria na qualidade de vida da Pessoa com Defici\u00eancia, tem sido uma preocupa\u00e7\u00e3o constante do prefeito Ricardo Alves, de Salo\u00e1. Atrav\u00e9s das Secretarias de Assist\u00eancia Social e de Sa\u00fade, o munic\u00edpio acompanha as fam\u00edlias, que s\u00e3o assistidas pela Associa\u00e7\u00e3o de Pais e amigos dos Excepcionais \u2013 APE de Garanhuns. <\/font><font size=\"3\" face=\"Arial\">Dois ve\u00edculos s\u00e3o disponibilizados durante os dias da semana para transportar os pacientes que s\u00e3o tratados na APAE. A a\u00e7\u00e3o tem sido destaque no munic\u00edpio, tanto pela import\u00e2ncia dada \u00e0 cada fam\u00edlia, quanto pelo maneira em que s\u00e3o tratados as Pessoas com Defici\u00eancia.<\/font> <\/p>\n<p align=\"justify\"><font size=\"3\" face=\"Arial\">Fernanda Leite de Oliveira, trata de uma filha de 8 anos de idade. Ela explica que o servi\u00e7o melhorou bastante e \u00e9 fundamental pois garante a inclus\u00e3o de sua filha na escola e abre perspectivas futuras. \u201cEsse servi\u00e7o \u00e9 muito bom para todas n\u00f3s. Eu levo minha filha para a APAE duas vezes por semana. Os motoristas s\u00e3o muito atenciosos, nos pegam em casa, leva at\u00e9 a Apae e traz de volta para Salo\u00e1. O Governo est\u00e1 de parab\u00e9ns pois de outra maneira ficaria dif\u00edcil o tratamento\u201d, disse Fernanda.<\/font> <\/p>\n<p align=\"justify\"><font size=\"3\" face=\"Arial\">\u201cAl\u00e9m de levar as crian\u00e7as para tratamento na APAE, atrav\u00e9s da Secretaria de Assist\u00eancia Social, as fam\u00edlias s\u00e3o acompanhadas pela Psic\u00f3loga e Assistente social do CRAS, que desenvolvem atividades em datas especiais como Natal e Dia da Crian\u00e7a\u201d, disse o secret\u00e1rio de Assist\u00eancia Social, Carlos Ouro Preto. <\/font><font size=\"3\" face=\"Arial\">Para garantir o tratamento a cada paciente, o Governo Municipal repassa para a APAE cerca de \u00bd sal\u00e1rio m\u00ednimo por cada Pessoa com Defici\u00eancia. 11 crian\u00e7as est\u00e3o sendo assistidas pela a\u00e7\u00e3o. A APAE atende atualmente cerca de 370 pessoas, estimulando a escolaridade e atividades profissionais.<\/font> <\/p>\n<p align=\"justify\"><font size=\"3\" face=\"Arial Black\">Fonte&nbsp; &#8211;&nbsp; Ascom\/Prefeitura de Salo\u00e1\/PE<\/font><\/p>\n<div style=\"margin-top: 0px; margin-bottom: 0px;\" class=\"sharethis-inline-share-buttons\" ><\/div>","protected":false},"excerpt":{"rendered":"<p>Garantir os direitos e melhoria na qualidade de vida da Pessoa com Defici\u00eancia, tem sido uma preocupa\u00e7\u00e3o constante do prefeito Ricardo Alves, de Salo\u00e1. Atrav\u00e9s das Secretarias de Assist\u00eancia Social e de Sa\u00fade, o munic\u00edpio acompanha as fam\u00edlias, que s\u00e3o assistidas pela Associa\u00e7\u00e3o de Pais e amigos dos Excepcionais \u2013 APE de Garanhuns. Dois ve\u00edculos [&hellip;]<\/p>\n","protected":false},"author":1,"featured_media":0,"comment_status":"open","ping_status":"open","sticky":false,"template":"","format":"standard","meta":{"footnotes":""},"categories":[2],"tags":[],"class_list":["post-725","post","type-post","status-publish","format-standard","hentry","category-noticias-do-dia"],"_links":{"self":[{"href":"https:\/\/www.saloanoticias.com\/v1\/wp-json\/wp\/v2\/posts\/725","targetHints":{"allow":["GET"]}}],"collection":[{"href":"https:\/\/www.saloanoticias.com\/v1\/wp-json\/wp\/v2\/posts"}],"about":[{"href":"https:\/\/www.saloanoticias.com\/v1\/wp-json\/wp\/v2\/types\/post"}],"author":[{"embeddable":true,"href":"https:\/\/www.saloanoticias.com\/v1\/wp-json\/wp\/v2\/users\/1"}],"replies":[{"embeddable":true,"href":"https:\/\/www.saloanoticias.com\/v1\/wp-json\/wp\/v2\/comments?post=725"}],"version-history":[{"count":0,"href":"https:\/\/www.saloanoticias.com\/v1\/wp-json\/wp\/v2\/posts\/725\/revisions"}],"wp:attachment":[{"href":"https:\/\/www.saloanoticias.com\/v1\/wp-json\/wp\/v2\/media?parent=725"}],"wp:term":[{"taxonomy":"category","embeddable":true,"href":"https:\/\/www.saloanoticias.com\/v1\/wp-json\/wp\/v2\/categories?post=725"},{"taxonomy":"post_tag","embeddable":true,"href":"https:\/\/www.saloanoticias.com\/v1\/wp-json\/wp\/v2\/tags?post=725"}],"curies":[{"name":"wp","href":"https:\/\/api.w.org\/{rel}","templated":true}]}}