{"id":7249,"date":"2019-03-14T20:02:05","date_gmt":"2019-03-14T20:02:05","guid":{"rendered":"https:\/\/saloanoticias.com\/v1\/?p=7249"},"modified":"2019-03-14T20:07:40","modified_gmt":"2019-03-14T20:07:40","slug":"reforma-da-previdencia-comeca-a-andar-com-a-instalacao-da-ccj","status":"publish","type":"post","link":"https:\/\/www.saloanoticias.com\/v1\/reforma-da-previdencia-comeca-a-andar-com-a-instalacao-da-ccj\/","title":{"rendered":"REFORMA DA PREVID\u00caNCIA COME\u00c7A A ANDAR COM A INSTALA\u00c7\u00c3O DA CCJ"},"content":{"rendered":"<p><img loading=\"lazy\" decoding=\"async\" width=\"1280\" height=\"908\" class=\"aligncenter size-full wp-image-7253\" src=\"https:\/\/saloanoticias.com\/v1\/wp-content\/uploads\/2019\/03\/bolsonaro-2.jpg\" alt=\"\" srcset=\"https:\/\/www.saloanoticias.com\/v1\/wp-content\/uploads\/2019\/03\/bolsonaro-2.jpg 1280w, https:\/\/www.saloanoticias.com\/v1\/wp-content\/uploads\/2019\/03\/bolsonaro-2-300x213.jpg 300w, https:\/\/www.saloanoticias.com\/v1\/wp-content\/uploads\/2019\/03\/bolsonaro-2-1024x726.jpg 1024w, https:\/\/www.saloanoticias.com\/v1\/wp-content\/uploads\/2019\/03\/bolsonaro-2-768x545.jpg 768w\" sizes=\"auto, (max-width: 1280px) 100vw, 1280px\" \/>Instalada a Comiss\u00e3o de Constitui\u00e7\u00e3o e Justi\u00e7a (CCJ) na C\u00e2mara, a reforma da Previd\u00eancia pode, enfim, come\u00e7ar a andar no Congresso. Com 47 dos 64 votos, o deputado Felipe Francischini (PSL-PR) foi escolhido para presidir o colegiado, respons\u00e1vel por avaliar se o projeto respeita a Constitui\u00e7\u00e3o. Outros 15 votaram em branco, e dois votos foram anulados. A CCJ \u00e9 a primeira etapa pela qual propostas de emenda \u00e0 Constitui\u00e7\u00e3o (PECs) precisam passar antes de serem votadas pelo plen\u00e1rio.<\/p>\n<p>A vice-presid\u00eancia tamb\u00e9m ficou com o PSL, partido do presidente Jair Bolsonaro. A deputada Bia Kicis (PSL-DF), tamb\u00e9m em primeiro mandato na C\u00e2mara, recebeu 39 votos. Vinte e tr\u00eas votaram em branco e dois anularam. Com a defini\u00e7\u00e3o do presidente, da vice e dos 132 integrantes da comiss\u00e3o, entre titulares e suplentes, o relator da reforma j\u00e1 pode ser anunciado. Kicis explicou, por\u00e9m, que o nome s\u00f3 deve sair com a chegada da reforma dos militares. \u201cAcho mais prudente\u201d, afirmou.<\/p>\n<p><img loading=\"lazy\" decoding=\"async\" class=\" wp-image-7250 alignleft\" src=\"https:\/\/saloanoticias.com\/v1\/wp-content\/uploads\/2019\/03\/bolsonaro-1.jpg\" alt=\"\" width=\"249\" height=\"166\" srcset=\"https:\/\/www.saloanoticias.com\/v1\/wp-content\/uploads\/2019\/03\/bolsonaro-1.jpg 1023w, https:\/\/www.saloanoticias.com\/v1\/wp-content\/uploads\/2019\/03\/bolsonaro-1-300x200.jpg 300w, https:\/\/www.saloanoticias.com\/v1\/wp-content\/uploads\/2019\/03\/bolsonaro-1-768x512.jpg 768w\" sizes=\"auto, (max-width: 249px) 100vw, 249px\" \/><\/p>\n<p>Francischini adiantou que n\u00e3o levar\u00e1 em considera\u00e7\u00e3o experi\u00eancia parlamentar ou participa\u00e7\u00e3o no debate sobre a reforma proposta pelo ex-presidente Michel Temer. O escolhido tamb\u00e9m n\u00e3o ser\u00e1, necessariamente, do PSL, disse. O importante \u00e9 que esteja alinhado \u00e0 pauta do governo. \u201cQuero tentar, at\u00e9 quarta-feira que vem, conversar individualmente com cada membro titular e suplente para chegar a um consenso e calend\u00e1rio para vota\u00e7\u00e3o da reforma aqui\u201d, afirmou. A ideia \u00e9 \u201cconversar com cada deputado, para n\u00e3o gerar nenhum ru\u00eddo\u201d.<\/p>\n<p>A PEC 6\/2019, que trata da reforma da Previd\u00eancia, est\u00e1 parada desde que chegou ao Congresso, em 20 de fevereiro. Agora, a falta do texto dos militares \u00e9 o \u00fanico entrave para que ela comece a tramitar no Congresso. Em acordo, as lideran\u00e7as partid\u00e1rias decidiram que a PEC s\u00f3 ser\u00e1 avaliada quando o projeto de lei prometido pela equipe econ\u00f4mica chegar \u00e0 C\u00e2mara. Ontem, Francischini reafirmou o prazo do governo: at\u00e9 a pr\u00f3xima quarta-feira.<\/p>\n<div style=\"margin-top: 0px; margin-bottom: 0px;\" class=\"sharethis-inline-share-buttons\" ><\/div>","protected":false},"excerpt":{"rendered":"<p>Instalada a Comiss\u00e3o de Constitui\u00e7\u00e3o e Justi\u00e7a (CCJ) na C\u00e2mara, a reforma da Previd\u00eancia pode, enfim, come\u00e7ar a andar no Congresso. Com 47 dos 64 votos, o deputado Felipe Francischini (PSL-PR) foi escolhido para presidir o colegiado, respons\u00e1vel por avaliar se o projeto respeita a Constitui\u00e7\u00e3o. Outros 15 votaram em branco, e dois votos foram [&hellip;]<\/p>\n","protected":false},"author":2,"featured_media":7253,"comment_status":"open","ping_status":"open","sticky":false,"template":"","format":"standard","meta":{"footnotes":""},"categories":[2],"tags":[],"class_list":["post-7249","post","type-post","status-publish","format-standard","has-post-thumbnail","hentry","category-noticias-do-dia"],"_links":{"self":[{"href":"https:\/\/www.saloanoticias.com\/v1\/wp-json\/wp\/v2\/posts\/7249","targetHints":{"allow":["GET"]}}],"collection":[{"href":"https:\/\/www.saloanoticias.com\/v1\/wp-json\/wp\/v2\/posts"}],"about":[{"href":"https:\/\/www.saloanoticias.com\/v1\/wp-json\/wp\/v2\/types\/post"}],"author":[{"embeddable":true,"href":"https:\/\/www.saloanoticias.com\/v1\/wp-json\/wp\/v2\/users\/2"}],"replies":[{"embeddable":true,"href":"https:\/\/www.saloanoticias.com\/v1\/wp-json\/wp\/v2\/comments?post=7249"}],"version-history":[{"count":4,"href":"https:\/\/www.saloanoticias.com\/v1\/wp-json\/wp\/v2\/posts\/7249\/revisions"}],"predecessor-version":[{"id":7255,"href":"https:\/\/www.saloanoticias.com\/v1\/wp-json\/wp\/v2\/posts\/7249\/revisions\/7255"}],"wp:featuredmedia":[{"embeddable":true,"href":"https:\/\/www.saloanoticias.com\/v1\/wp-json\/wp\/v2\/media\/7253"}],"wp:attachment":[{"href":"https:\/\/www.saloanoticias.com\/v1\/wp-json\/wp\/v2\/media?parent=7249"}],"wp:term":[{"taxonomy":"category","embeddable":true,"href":"https:\/\/www.saloanoticias.com\/v1\/wp-json\/wp\/v2\/categories?post=7249"},{"taxonomy":"post_tag","embeddable":true,"href":"https:\/\/www.saloanoticias.com\/v1\/wp-json\/wp\/v2\/tags?post=7249"}],"curies":[{"name":"wp","href":"https:\/\/api.w.org\/{rel}","templated":true}]}}