{"id":7246,"date":"2019-03-14T19:54:24","date_gmt":"2019-03-14T19:54:24","guid":{"rendered":"https:\/\/saloanoticias.com\/v1\/?p=7246"},"modified":"2019-03-14T19:55:23","modified_gmt":"2019-03-14T19:55:23","slug":"danilo-cabral-despede-se-da-presidencia-da-comissao-de-educacao-da-camara","status":"publish","type":"post","link":"https:\/\/www.saloanoticias.com\/v1\/danilo-cabral-despede-se-da-presidencia-da-comissao-de-educacao-da-camara\/","title":{"rendered":"DANILO CABRAL DESPEDE-SE DA PRESID\u00caNCIA DA COMISS\u00c3O DE EDUCA\u00c7\u00c3O"},"content":{"rendered":"<p><img loading=\"lazy\" decoding=\"async\" class=\"aligncenter wp-image-7199\" src=\"https:\/\/saloanoticias.com\/v1\/wp-content\/uploads\/2019\/03\/danilo-cabral.jpg\" alt=\"\" width=\"983\" height=\"552\" srcset=\"https:\/\/www.saloanoticias.com\/v1\/wp-content\/uploads\/2019\/03\/danilo-cabral.jpg 930w, https:\/\/www.saloanoticias.com\/v1\/wp-content\/uploads\/2019\/03\/danilo-cabral-300x168.jpg 300w, https:\/\/www.saloanoticias.com\/v1\/wp-content\/uploads\/2019\/03\/danilo-cabral-768x431.jpg 768w\" sizes=\"auto, (max-width: 983px) 100vw, 983px\" \/>Na noite desta quarta-feira (13), o deputado Danilo Cabral (PSB\/PE), encerrou seu per\u00edodo como presidente da Comiss\u00e3o de Educa\u00e7\u00e3o da C\u00e2mara Federal. O novo presidente desta Legislatura \u00e9 o deputado Pedro Cunha Lima (PSDB\/PB). A escolha da presid\u00eancia das comiss\u00f5es permanentes\u00a0\u00e9 feita com base no resultado da \u00faltima elei\u00e7\u00e3o para a C\u00e2mara e no princ\u00edpio da proporcionalidade partid\u00e1ria. Ou seja, o tamanho de cada bloco partid\u00e1rio na Casa define quem escolhe primeiro e quantas comiss\u00f5es cada um ter\u00e1.<\/p>\n<p>Durante seu mandato, iniciado no ano passado, o parlamentar realizou um total de 56 reuni\u00f5es e aprovou 116 proposi\u00e7\u00f5es legislativas. Danilo Cabral pontua que, mesmo sendo uma gest\u00e3o curta, espremida pelo calend\u00e1rio eleitoral, foi poss\u00edvel colocar em marcha um agenda intensa de atividades. &#8220;Nosso trabalho combinou a agenda estrat\u00e9gica, envolvendo os temas estruturantes para a educa\u00e7\u00e3o brasileira com os temas do dia-a-dia, da atualidade&#8221;, explicou.<\/p>\n<p>Danilo Cabral ainda ressaltou que a perspectiva de redu\u00e7\u00e3o dr\u00e1stica de recursos apresentada pelo governo de Jair Bolsonaro coloca em risco os avan\u00e7os obtidos nas \u00faltimas d\u00e9cadas. &#8220;\u00c9 preocupante a escalada autorit\u00e1ria contra a liberdade de c\u00e1tedra e o livre pensamento. A conviv\u00eancia democr\u00e1tica, o respeito \u00e0s diferen\u00e7as e o debate plural s\u00e3o parte da tradi\u00e7\u00e3o hist\u00f3rica dessa comiss\u00e3o&#8221;.<\/p>\n<p>A partir de agora, o parlamentar continua na Comiss\u00e3o de Educa\u00e7\u00e3o como membro suplente e segue protocolando projetos para valorizar a \u00e1rea. No m\u00eas passado, Danilo protocolou um PL que determina que os recursos da contribui\u00e7\u00e3o ao sal\u00e1rio-educa\u00e7\u00e3o sejam distribu\u00eddos aos estados e munic\u00edpios de forma proporcional \u00e0 quantidade de alunos matriculados na educa\u00e7\u00e3o b\u00e1sica.\u00a0Durante a reuni\u00e3o, tamb\u00e9m houve o descerramento da foto do deputado Danilo Cabral na galeria dos presidentes da comiss\u00e3o.<\/p>\n<div style=\"margin-top: 0px; margin-bottom: 0px;\" class=\"sharethis-inline-share-buttons\" ><\/div>","protected":false},"excerpt":{"rendered":"<p>Na noite desta quarta-feira (13), o deputado Danilo Cabral (PSB\/PE), encerrou seu per\u00edodo como presidente da Comiss\u00e3o de Educa\u00e7\u00e3o da C\u00e2mara Federal. O novo presidente desta Legislatura \u00e9 o deputado Pedro Cunha Lima (PSDB\/PB). A escolha da presid\u00eancia das comiss\u00f5es permanentes\u00a0\u00e9 feita com base no resultado da \u00faltima elei\u00e7\u00e3o para a C\u00e2mara e no princ\u00edpio [&hellip;]<\/p>\n","protected":false},"author":2,"featured_media":7199,"comment_status":"open","ping_status":"open","sticky":false,"template":"","format":"standard","meta":{"footnotes":""},"categories":[2],"tags":[],"class_list":["post-7246","post","type-post","status-publish","format-standard","has-post-thumbnail","hentry","category-noticias-do-dia"],"_links":{"self":[{"href":"https:\/\/www.saloanoticias.com\/v1\/wp-json\/wp\/v2\/posts\/7246","targetHints":{"allow":["GET"]}}],"collection":[{"href":"https:\/\/www.saloanoticias.com\/v1\/wp-json\/wp\/v2\/posts"}],"about":[{"href":"https:\/\/www.saloanoticias.com\/v1\/wp-json\/wp\/v2\/types\/post"}],"author":[{"embeddable":true,"href":"https:\/\/www.saloanoticias.com\/v1\/wp-json\/wp\/v2\/users\/2"}],"replies":[{"embeddable":true,"href":"https:\/\/www.saloanoticias.com\/v1\/wp-json\/wp\/v2\/comments?post=7246"}],"version-history":[{"count":2,"href":"https:\/\/www.saloanoticias.com\/v1\/wp-json\/wp\/v2\/posts\/7246\/revisions"}],"predecessor-version":[{"id":7248,"href":"https:\/\/www.saloanoticias.com\/v1\/wp-json\/wp\/v2\/posts\/7246\/revisions\/7248"}],"wp:featuredmedia":[{"embeddable":true,"href":"https:\/\/www.saloanoticias.com\/v1\/wp-json\/wp\/v2\/media\/7199"}],"wp:attachment":[{"href":"https:\/\/www.saloanoticias.com\/v1\/wp-json\/wp\/v2\/media?parent=7246"}],"wp:term":[{"taxonomy":"category","embeddable":true,"href":"https:\/\/www.saloanoticias.com\/v1\/wp-json\/wp\/v2\/categories?post=7246"},{"taxonomy":"post_tag","embeddable":true,"href":"https:\/\/www.saloanoticias.com\/v1\/wp-json\/wp\/v2\/tags?post=7246"}],"curies":[{"name":"wp","href":"https:\/\/api.w.org\/{rel}","templated":true}]}}