{"id":7242,"date":"2019-03-13T18:44:10","date_gmt":"2019-03-13T18:44:10","guid":{"rendered":"https:\/\/saloanoticias.com\/v1\/?p=7242"},"modified":"2019-03-14T19:37:56","modified_gmt":"2019-03-14T19:37:56","slug":"dupla-ataca-escola-em-suzana-mata-sete-pessoas-e-se-suicida","status":"publish","type":"post","link":"https:\/\/www.saloanoticias.com\/v1\/dupla-ataca-escola-em-suzana-mata-sete-pessoas-e-se-suicida\/","title":{"rendered":"DUPLA ATACA ESCOLA EM SUZANO, MATA SETE PESSOAS E SE SUICIDA"},"content":{"rendered":"<div class=\"mc-column content-text active-extra-styles active-capital-letter\" data-block-type=\"unstyled\" data-block-weight=\"29\" data-block-id=\"3\">\n<p class=\"content-text__container theme-color-primary-first-letter\" data-track-category=\"Link no Texto\" data-track-links=\"\"><img loading=\"lazy\" decoding=\"async\" width=\"1600\" height=\"1199\" class=\"aligncenter size-full wp-image-7243\" src=\"https:\/\/saloanoticias.com\/v1\/wp-content\/uploads\/2019\/03\/tragedia-suzano.jpeg\" alt=\"\" srcset=\"https:\/\/www.saloanoticias.com\/v1\/wp-content\/uploads\/2019\/03\/tragedia-suzano.jpeg 1600w, https:\/\/www.saloanoticias.com\/v1\/wp-content\/uploads\/2019\/03\/tragedia-suzano-300x225.jpeg 300w, https:\/\/www.saloanoticias.com\/v1\/wp-content\/uploads\/2019\/03\/tragedia-suzano-1024x767.jpeg 1024w, https:\/\/www.saloanoticias.com\/v1\/wp-content\/uploads\/2019\/03\/tragedia-suzano-768x576.jpeg 768w, https:\/\/www.saloanoticias.com\/v1\/wp-content\/uploads\/2019\/03\/tragedia-suzano-1536x1151.jpeg 1536w\" sizes=\"auto, (max-width: 1600px) 100vw, 1600px\" \/>Um adolescente e um homem encapuzados mataram sete pessoas na Escola Estadual Raul Brasil, em\u00a0<a href=\"https:\/\/g1.globo.com\/sp\/mogi-das-cruzes-suzano\/cidade\/suzano\/\">Suzano<\/a>\u00a0(SP), por volta das 9h30 desta quarta-feira (13), e cometeram suic\u00eddio em seguida. Os assassinos, Guilherme Taucci Monteiro, de 17 anos, e Henrique de Castro, de 25,\u00a0<a href=\"https:\/\/g1.globo.com\/sp\/mogi-das-cruzes-suzano\/noticia\/2019\/03\/13\/assassinos-eram-antigos-alunos-de-escola-de-suzano.ghtml\">eram ex-alunos do col\u00e9gio<\/a>. Tamb\u00e9m h\u00e1 registro de nove feridos \u2013 o estado de sa\u00fade deles n\u00e3o foi divulgado.<\/p>\n<\/div>\n<div class=\"wall protected-content\">\n<div class=\"mc-column content-text active-extra-styles \" data-block-type=\"unstyled\" data-block-weight=\"41\" data-block-id=\"5\">\n<p class=\"content-text__container \" data-track-category=\"Link no Texto\" data-track-links=\"\">Cinco dos mortos s\u00e3o alunos do ensino m\u00e9dio. Entre as v\u00edtimas, h\u00e1 ainda duas funcion\u00e1rias do col\u00e9gio, uma delas a coordenadora.\u00a0<a href=\"https:\/\/g1.globo.com\/sp\/mogi-das-cruzes-suzano\/noticia\/2019\/03\/13\/tio-de-um-dos-assassinos-de-suzano-foi-baleado-antes-de-ataque-a-escola.ghtml\">O propriet\u00e1rio de uma loja de ve\u00edculos pr\u00f3ximo ao local, que era tio de um dos assassinos, tamb\u00e9m foi morto<\/a>. <em>Fonte: G1.com<\/em><\/p>\n<\/div>\n<\/div>\n<div style=\"margin-top: 0px; margin-bottom: 0px;\" class=\"sharethis-inline-share-buttons\" ><\/div>","protected":false},"excerpt":{"rendered":"<p>Um adolescente e um homem encapuzados mataram sete pessoas na Escola Estadual Raul Brasil, em\u00a0Suzano\u00a0(SP), por volta das 9h30 desta quarta-feira (13), e cometeram suic\u00eddio em seguida. Os assassinos, Guilherme Taucci Monteiro, de 17 anos, e Henrique de Castro, de 25,\u00a0eram ex-alunos do col\u00e9gio. Tamb\u00e9m h\u00e1 registro de nove feridos \u2013 o estado de sa\u00fade [&hellip;]<\/p>\n","protected":false},"author":2,"featured_media":7243,"comment_status":"open","ping_status":"open","sticky":false,"template":"","format":"standard","meta":{"footnotes":""},"categories":[2],"tags":[],"class_list":["post-7242","post","type-post","status-publish","format-standard","has-post-thumbnail","hentry","category-noticias-do-dia"],"_links":{"self":[{"href":"https:\/\/www.saloanoticias.com\/v1\/wp-json\/wp\/v2\/posts\/7242","targetHints":{"allow":["GET"]}}],"collection":[{"href":"https:\/\/www.saloanoticias.com\/v1\/wp-json\/wp\/v2\/posts"}],"about":[{"href":"https:\/\/www.saloanoticias.com\/v1\/wp-json\/wp\/v2\/types\/post"}],"author":[{"embeddable":true,"href":"https:\/\/www.saloanoticias.com\/v1\/wp-json\/wp\/v2\/users\/2"}],"replies":[{"embeddable":true,"href":"https:\/\/www.saloanoticias.com\/v1\/wp-json\/wp\/v2\/comments?post=7242"}],"version-history":[{"count":2,"href":"https:\/\/www.saloanoticias.com\/v1\/wp-json\/wp\/v2\/posts\/7242\/revisions"}],"predecessor-version":[{"id":7245,"href":"https:\/\/www.saloanoticias.com\/v1\/wp-json\/wp\/v2\/posts\/7242\/revisions\/7245"}],"wp:featuredmedia":[{"embeddable":true,"href":"https:\/\/www.saloanoticias.com\/v1\/wp-json\/wp\/v2\/media\/7243"}],"wp:attachment":[{"href":"https:\/\/www.saloanoticias.com\/v1\/wp-json\/wp\/v2\/media?parent=7242"}],"wp:term":[{"taxonomy":"category","embeddable":true,"href":"https:\/\/www.saloanoticias.com\/v1\/wp-json\/wp\/v2\/categories?post=7242"},{"taxonomy":"post_tag","embeddable":true,"href":"https:\/\/www.saloanoticias.com\/v1\/wp-json\/wp\/v2\/tags?post=7242"}],"curies":[{"name":"wp","href":"https:\/\/api.w.org\/{rel}","templated":true}]}}