{"id":724,"date":"2014-03-11T01:00:00","date_gmt":"2014-03-11T01:00:00","guid":{"rendered":"https:\/\/saloanoticias.mrmediaweb.com\/v1\/2014\/03\/11\/armando-e-recebido-por-liderancas-de-mais-de-20-municipios-do-agreste\/"},"modified":"2014-03-11T01:00:00","modified_gmt":"2014-03-11T01:00:00","slug":"armando-e-recebido-por-liderancas-de-mais-de-20-municipios-do-agreste","status":"publish","type":"post","link":"https:\/\/www.saloanoticias.com\/v1\/armando-e-recebido-por-liderancas-de-mais-de-20-municipios-do-agreste\/","title":{"rendered":"ARMANDO \u00c9 RECEBIDO POR LIDERAN\u00c7AS DE MAIS DE 20 MUNIC\u00cdPIOS DO AGRESTE"},"content":{"rendered":"<p align=\"justify\"><font size=\"3\" face=\"Arial\"><a href=\"http:\/\/www.saloanoticias.com\/images\/humberto-costa-armando-monteiro-e-tulio-vieira---10032014.jpg\"><img loading=\"lazy\" decoding=\"async\" title=\"Humberto Costa, Armando Monteiro e Tulio Vieira - 10032014\" style=\"border-left-width: 0px; border-right-width: 0px; background-image: none; border-bottom-width: 0px; float: left; padding-top: 0px; padding-left: 0px; margin: 5px 5px 0px 0px; display: inline; padding-right: 0px; border-top-width: 0px\" border=\"0\" alt=\"Humberto Costa, Armando Monteiro e Tulio Vieira - 10032014\" align=\"left\" src=\"http:\/\/www.saloanoticias.com\/v1\/wp-content\/uploads\/imagens\/humberto-costa-armando-monteiro-e-tulio-vieira---10032014_thumb.jpg\" width=\"306\" height=\"186\"><\/a>Ao lado do senador Humberto Costa (PT), o senador Armando Monteiro (PTB) circulou no encerramento do Carnaval de Surubim com o prefeito do munic\u00edpio, T\u00falio Vieira (PT), neste domingo (09). Antes de cumprimentar os foli\u00f5es na rua e tamb\u00e9m de cima do trio el\u00e9trico, Armando foi recebido por lideran\u00e7as de mais de 20 munic\u00edpios do Agreste em almo\u00e7o na casa da presidente do PTB de Surubim, Joana Leal.<\/font>  <\/p>\n<p align=\"justify\"><font size=\"3\" face=\"Arial\">Marcaram presen\u00e7a os deputados federais Silvio Costa (PSC) e Jos\u00e9 Augusto Maia (PROS), o deputado estadual Silvio Costa Filho (PTB), al\u00e9m de prefeitos, vice-prefeitos, ex-prefeitos e vereadores dos mais diversos partidos. <\/font><font size=\"3\" face=\"Arial\">Em entrevista \u00e0 imprensa local, Armando voltou a defender que a popula\u00e7\u00e3o de Pernambuco est\u00e1 mais exigente em rela\u00e7\u00e3o ao futuro, porque ela viu que \u00e9 preciso ter um governador que conduza os destinos do estado, mas algu\u00e9m tamb\u00e9m capaz de fazer parcerias com o governo federal.<\/font><\/p>\n<p align=\"justify\"><font size=\"3\" face=\"Arial\">&#8220;Capacidade de articula\u00e7\u00e3o nacional, di\u00e1logo com o Congresso e possibilidade de ampliar as parcerias com o Governo Federal e com o empresariado para a atra\u00e7\u00e3o de investimentos s\u00e3o caracter\u00edsticas que o pernambucano quer para ampliar as conquistas para o futuro&#8221;, aponta o senador. Armando voltou a defender a interioriza\u00e7\u00e3o do desenvolvimento como um dos grandes desafios do estado para os pr\u00f3ximos anos.<\/font><\/p>\n<p align=\"justify\"><font size=\"3\" face=\"Arial\">&#8220;Pernambuco ainda \u00e9 um estado que tem desn\u00edveis de renda inaceit\u00e1veis. A renda do pernambucano do Sert\u00e3o e do Agreste ainda \u00e9 um ter\u00e7o da renda do pernambucano da regi\u00e3o metropolitana&#8221;, refor\u00e7ou. <\/font><font size=\"3\" face=\"Arial\">O senador Humberto Costa e o prefeito Tulio Vieira disseram concordar com a opini\u00e3o de Armando sobre a import\u00e2ncia de se pensar os novos desafios para o futuro de Pernambuco. Humberto lembrou que PT e PTB j\u00e1 deram grandes contribui\u00e7\u00f5es ao Estado, ao lado de Lula e Dilma Rousseff, e ainda tem muito mais a realizar.<\/font><\/p>\n<p align=\"justify\"><font size=\"3\" face=\"Arial\">&#8220;Somos parte do sucesso do atual governo com v\u00e1rios projetos. Eu, por exemplo, fui secret\u00e1rio das Cidades e trabalhei em projetos importantes na \u00e1rea de habita\u00e7\u00e3o, transporte e mobilidade&#8221;, lembrou Humberto. J\u00e1 T\u00falio Vieira disse que Pernambuco precisa, a partir dos pr\u00f3ximos anos, de uma alian\u00e7a liderada por algu\u00e9m com experi\u00eancia pol\u00edtica, vis\u00e3o empreendedora e prest\u00edgio nacional.<\/font><\/p>\n<p align=\"justify\"><b><i><font size=\"3\" face=\"Arial\">Na foto, os senadores Armando Monteiro (PTB) e Humberto Costa (PT) e o prefeito de Surubim, T\u00falio Vieira (PT)&nbsp; &#8211;&nbsp; <\/font><\/i><\/b><font face=\"Arial\"><font size=\"3\"><b>Cr\u00e9dito: <\/b>Alexandre Albuquerque\/divulga\u00e7\u00e3o.<\/font><\/font><\/p>\n<div style=\"margin-top: 0px; margin-bottom: 0px;\" class=\"sharethis-inline-share-buttons\" ><\/div>","protected":false},"excerpt":{"rendered":"<p>Ao lado do senador Humberto Costa (PT), o senador Armando Monteiro (PTB) circulou no encerramento do Carnaval de Surubim com o prefeito do munic\u00edpio, T\u00falio Vieira (PT), neste domingo (09). Antes de cumprimentar os foli\u00f5es na rua e tamb\u00e9m de cima do trio el\u00e9trico, Armando foi recebido por lideran\u00e7as de mais de 20 munic\u00edpios do [&hellip;]<\/p>\n","protected":false},"author":1,"featured_media":0,"comment_status":"open","ping_status":"open","sticky":false,"template":"","format":"standard","meta":{"footnotes":""},"categories":[2],"tags":[],"class_list":["post-724","post","type-post","status-publish","format-standard","hentry","category-noticias-do-dia"],"_links":{"self":[{"href":"https:\/\/www.saloanoticias.com\/v1\/wp-json\/wp\/v2\/posts\/724","targetHints":{"allow":["GET"]}}],"collection":[{"href":"https:\/\/www.saloanoticias.com\/v1\/wp-json\/wp\/v2\/posts"}],"about":[{"href":"https:\/\/www.saloanoticias.com\/v1\/wp-json\/wp\/v2\/types\/post"}],"author":[{"embeddable":true,"href":"https:\/\/www.saloanoticias.com\/v1\/wp-json\/wp\/v2\/users\/1"}],"replies":[{"embeddable":true,"href":"https:\/\/www.saloanoticias.com\/v1\/wp-json\/wp\/v2\/comments?post=724"}],"version-history":[{"count":0,"href":"https:\/\/www.saloanoticias.com\/v1\/wp-json\/wp\/v2\/posts\/724\/revisions"}],"wp:attachment":[{"href":"https:\/\/www.saloanoticias.com\/v1\/wp-json\/wp\/v2\/media?parent=724"}],"wp:term":[{"taxonomy":"category","embeddable":true,"href":"https:\/\/www.saloanoticias.com\/v1\/wp-json\/wp\/v2\/categories?post=724"},{"taxonomy":"post_tag","embeddable":true,"href":"https:\/\/www.saloanoticias.com\/v1\/wp-json\/wp\/v2\/tags?post=724"}],"curies":[{"name":"wp","href":"https:\/\/api.w.org\/{rel}","templated":true}]}}