{"id":723,"date":"2014-03-11T11:00:00","date_gmt":"2014-03-11T11:00:00","guid":{"rendered":"https:\/\/saloanoticias.mrmediaweb.com\/v1\/2014\/03\/11\/cantor-jailson-melo-apresenta-seu-mais-novo-trabalho\/"},"modified":"2014-03-11T11:00:00","modified_gmt":"2014-03-11T11:00:00","slug":"cantor-jailson-melo-apresenta-seu-mais-novo-trabalho","status":"publish","type":"post","link":"https:\/\/www.saloanoticias.com\/v1\/cantor-jailson-melo-apresenta-seu-mais-novo-trabalho\/","title":{"rendered":"CANTOR JAILSON MELO APRESENTA SEU MAIS NOVO TRABALHO"},"content":{"rendered":"<p align=\"justify\"><font size=\"3\" face=\"Arial\"><a href=\"http:\/\/www.saloanoticias.com\/images\/jailson-melo_186a9aabc299672365dd0b9837b543a5.jpg\"><img loading=\"lazy\" decoding=\"async\" title=\"Jailson Melo\" style=\"border-top: 0px; border-right: 0px; background-image: none; border-bottom: 0px; float: right; padding-top: 0px; padding-left: 0px; margin: 5px 0px 0px 5px; border-left: 0px; display: inline; padding-right: 0px\" border=\"0\" alt=\"Jailson Melo\" align=\"right\" src=\"http:\/\/www.saloanoticias.com\/v1\/wp-content\/uploads\/imagens\/jailson-melo_thumb_53b1e7daa0cc84ac0a42d45530168ca8.jpg\" width=\"169\" height=\"166\"><\/a>O cantor da Assemblei de Deus em Salo\u00e1, Levita Jailson Melo est\u00e1 finalizando seu mais novo trabalho e apresenta em primeira m\u00e3o aqui no Blog Salo\u00e1 Not\u00edcia um dos hinos deste mais novo CD que dever\u00e1 estar \u00e0 venda nos pr\u00f3ximos meses. Jailson se destaca com sua voz inconfund\u00edvel e com muita suavidade leva os ouvintes a adorarem o nome do Senhor Jesus.<\/font><\/p>\n<p align=\"justify\"><font size=\"3\" face=\"Arial\">A m\u00fasica \u201cNo Santo Lugar\u201d \u00e9 uma das mais bonitas e tocadas atualmente no meio evang\u00e9lico. Confira !!!<\/font><\/p>\n<div id=\"scid:5737277B-5D6D-4f48-ABFC-DD9C333F4C5D:3060e1f7-201b-4846-a240-0ab75e88b241\" class=\"wlWriterEditableSmartContent\" style=\"float: none; padding-bottom: 10px; padding-top: 10px; padding-left: 0px; margin: 0px auto; display: block; padding-right: 0px; width: 661px\">\n<div id=\"8c0bcbf9-316a-499e-976f-7762c12cd5a7\" style=\"margin: 0px; padding: 0px; display: inline;\">\n<div><a href=\"http:\/\/www.youtube.com\/watch?v=GjG2mR4Wx9o\" target=\"_new\"><img decoding=\"async\" src=\"http:\/\/www.saloanoticias.com\/v1\/wp-content\/uploads\/imagens\/video1f5ad0191b85_a0dc2becad42f2087cf9e5e8a29d3d7b.jpg\" style=\"border-style: none\" galleryimg=\"no\" onload=\"var downlevelDiv = document.getElementById('8c0bcbf9-316a-499e-976f-7762c12cd5a7'); downlevelDiv.innerHTML = &quot;&lt;div&gt;&lt;object width=\\&quot;661\\&quot; height=\\&quot;371\\&quot;&gt;&lt;param name=\\&quot;movie\\&quot; value=\\&quot;http:\/\/www.youtube.com\/v\/GjG2mR4Wx9o?hl=en&amp;hd=1\\&quot;&gt;&lt;\\\/param&gt;&lt;embed src=\\&quot;http:\/\/www.youtube.com\/v\/GjG2mR4Wx9o?hl=en&amp;hd=1\\&quot; type=\\&quot;application\/x-shockwave-flash\\&quot; width=\\&quot;661\\&quot; height=\\&quot;371\\&quot;&gt;&lt;\\\/embed&gt;&lt;\\\/object&gt;&lt;\\\/div&gt;&quot;;\" alt=\"\"><\/a><\/div>\n<\/div>\n<\/div>\n<p align=\"justify\"><font size=\"3\" face=\"Arial Black\">Aten\u00e7\u00e3o&nbsp; &#8211;&nbsp; Para ouvir o \u00e1udio do v\u00eddeo desligue o plugin da r\u00e1dio web que fica na parte inferior do blog.<\/font><\/p>\n<div style=\"margin-top: 0px; margin-bottom: 0px;\" class=\"sharethis-inline-share-buttons\" ><\/div>","protected":false},"excerpt":{"rendered":"<p>O cantor da Assemblei de Deus em Salo\u00e1, Levita Jailson Melo est\u00e1 finalizando seu mais novo trabalho e apresenta em primeira m\u00e3o aqui no Blog Salo\u00e1 Not\u00edcia um dos hinos deste mais novo CD que dever\u00e1 estar \u00e0 venda nos pr\u00f3ximos meses. Jailson se destaca com sua voz inconfund\u00edvel e com muita suavidade leva os [&hellip;]<\/p>\n","protected":false},"author":1,"featured_media":0,"comment_status":"open","ping_status":"open","sticky":false,"template":"","format":"standard","meta":{"footnotes":""},"categories":[2],"tags":[],"class_list":["post-723","post","type-post","status-publish","format-standard","hentry","category-noticias-do-dia"],"_links":{"self":[{"href":"https:\/\/www.saloanoticias.com\/v1\/wp-json\/wp\/v2\/posts\/723","targetHints":{"allow":["GET"]}}],"collection":[{"href":"https:\/\/www.saloanoticias.com\/v1\/wp-json\/wp\/v2\/posts"}],"about":[{"href":"https:\/\/www.saloanoticias.com\/v1\/wp-json\/wp\/v2\/types\/post"}],"author":[{"embeddable":true,"href":"https:\/\/www.saloanoticias.com\/v1\/wp-json\/wp\/v2\/users\/1"}],"replies":[{"embeddable":true,"href":"https:\/\/www.saloanoticias.com\/v1\/wp-json\/wp\/v2\/comments?post=723"}],"version-history":[{"count":0,"href":"https:\/\/www.saloanoticias.com\/v1\/wp-json\/wp\/v2\/posts\/723\/revisions"}],"wp:attachment":[{"href":"https:\/\/www.saloanoticias.com\/v1\/wp-json\/wp\/v2\/media?parent=723"}],"wp:term":[{"taxonomy":"category","embeddable":true,"href":"https:\/\/www.saloanoticias.com\/v1\/wp-json\/wp\/v2\/categories?post=723"},{"taxonomy":"post_tag","embeddable":true,"href":"https:\/\/www.saloanoticias.com\/v1\/wp-json\/wp\/v2\/tags?post=723"}],"curies":[{"name":"wp","href":"https:\/\/api.w.org\/{rel}","templated":true}]}}