{"id":720,"date":"2014-03-09T15:39:22","date_gmt":"2014-03-09T15:39:22","guid":{"rendered":"https:\/\/saloanoticias.mrmediaweb.com\/v1\/2014\/03\/09\/jovem-de-garanhuns-comete-suicidio\/"},"modified":"2014-03-09T15:39:22","modified_gmt":"2014-03-09T15:39:22","slug":"jovem-de-garanhuns-comete-suicidio","status":"publish","type":"post","link":"https:\/\/www.saloanoticias.com\/v1\/jovem-de-garanhuns-comete-suicidio\/","title":{"rendered":"JOVEM DE GARANHUNS COMETE SUIC\u00cdDIO"},"content":{"rendered":"<p align=\"justify\"><font size=\"3\" face=\"Arial\"><a href=\"http:\/\/www.saloanoticias.com\/images\/andreanni-garanhuns.jpg\"><img loading=\"lazy\" decoding=\"async\" title=\"Andreanni garanhuns\" style=\"border-left-width: 0px; border-right-width: 0px; background-image: none; border-bottom-width: 0px; float: right; padding-top: 0px; padding-left: 0px; margin: 5px 0px 0px 5px; display: inline; padding-right: 0px; border-top-width: 0px\" border=\"0\" alt=\"Andreanni garanhuns\" align=\"right\" src=\"http:\/\/www.saloanoticias.com\/v1\/wp-content\/uploads\/imagens\/andreanni-garanhuns_thumb.jpg\" width=\"213\" height=\"256\"><\/a>O blog VeC Garanhuns acaba de noticiar o falecimento de Andreanni Pereira de Carvalho. &#8220;Uma not\u00edcia triste pegou a cidade de Garanhuns de surpresa, neste domingo, 09 de mar\u00e7o. Andreanni \u00e9 muito conhecida e querida em Garanhuns, frequentadora ass\u00eddua da Igreja Presbiteriana. <\/font><font size=\"3\" face=\"Arial\">Andreaani cometeu suic\u00eddio em sua resid\u00eancia na noite deste s\u00e1bado (08). Tinha 46 anos e deixa esposo e um filho adolescente. <\/font> <\/p>\n<p align=\"justify\"><font size=\"3\" face=\"Arial\">Segundo pessoas pr\u00f3ximas, ela vinha passando por problemas depressivos. Que Deus conforte a fam\u00edlia neste momento de muita dor, tristeza e saudade ! O corpo de Andreanni Carvalho ir\u00e1 para o Vel\u00f3rio Suissa onde ser\u00e1 velado. Ela \u00e9 irm\u00e3 de Dr. Alb\u00e9rico Pereira de Carvalho (Defensor P\u00fablico). Possivelmente o sepultamento se realizar\u00e1 ainda hoje, \u00e0s 17h, no Cemit\u00e9rio S\u00e3o Miguel.<\/font><\/p>\n<p align=\"justify\"><font size=\"3\" face=\"Arial Black\">Com informa\u00e7\u00f5es do Blog do Ronaldo Cesar e <\/font><a href=\"http:\/\/www.vecgaranhuns.com\/\"><font size=\"3\" face=\"Arial Black\">Blog VeC Garanhuns<\/font><\/a><\/p>\n<div style=\"margin-top: 0px; margin-bottom: 0px;\" class=\"sharethis-inline-share-buttons\" ><\/div>","protected":false},"excerpt":{"rendered":"<p>O blog VeC Garanhuns acaba de noticiar o falecimento de Andreanni Pereira de Carvalho. &#8220;Uma not\u00edcia triste pegou a cidade de Garanhuns de surpresa, neste domingo, 09 de mar\u00e7o. Andreanni \u00e9 muito conhecida e querida em Garanhuns, frequentadora ass\u00eddua da Igreja Presbiteriana. Andreaani cometeu suic\u00eddio em sua resid\u00eancia na noite deste s\u00e1bado (08). Tinha 46 [&hellip;]<\/p>\n","protected":false},"author":1,"featured_media":0,"comment_status":"open","ping_status":"open","sticky":false,"template":"","format":"standard","meta":{"footnotes":""},"categories":[2],"tags":[],"class_list":["post-720","post","type-post","status-publish","format-standard","hentry","category-noticias-do-dia"],"_links":{"self":[{"href":"https:\/\/www.saloanoticias.com\/v1\/wp-json\/wp\/v2\/posts\/720","targetHints":{"allow":["GET"]}}],"collection":[{"href":"https:\/\/www.saloanoticias.com\/v1\/wp-json\/wp\/v2\/posts"}],"about":[{"href":"https:\/\/www.saloanoticias.com\/v1\/wp-json\/wp\/v2\/types\/post"}],"author":[{"embeddable":true,"href":"https:\/\/www.saloanoticias.com\/v1\/wp-json\/wp\/v2\/users\/1"}],"replies":[{"embeddable":true,"href":"https:\/\/www.saloanoticias.com\/v1\/wp-json\/wp\/v2\/comments?post=720"}],"version-history":[{"count":0,"href":"https:\/\/www.saloanoticias.com\/v1\/wp-json\/wp\/v2\/posts\/720\/revisions"}],"wp:attachment":[{"href":"https:\/\/www.saloanoticias.com\/v1\/wp-json\/wp\/v2\/media?parent=720"}],"wp:term":[{"taxonomy":"category","embeddable":true,"href":"https:\/\/www.saloanoticias.com\/v1\/wp-json\/wp\/v2\/categories?post=720"},{"taxonomy":"post_tag","embeddable":true,"href":"https:\/\/www.saloanoticias.com\/v1\/wp-json\/wp\/v2\/tags?post=720"}],"curies":[{"name":"wp","href":"https:\/\/api.w.org\/{rel}","templated":true}]}}