{"id":719,"date":"2014-03-09T19:00:00","date_gmt":"2014-03-09T19:00:00","guid":{"rendered":"https:\/\/saloanoticias.mrmediaweb.com\/v1\/2014\/03\/09\/vem-ai-mais-uma-trilha-da-cachoeira-de-saloa-pe\/"},"modified":"2014-03-09T19:00:00","modified_gmt":"2014-03-09T19:00:00","slug":"vem-ai-mais-uma-trilha-da-cachoeira-de-saloa-pe","status":"publish","type":"post","link":"https:\/\/www.saloanoticias.com\/v1\/vem-ai-mais-uma-trilha-da-cachoeira-de-saloa-pe\/","title":{"rendered":"VEM AI A TRILHA DA CACHOEIRA 2014 !!!"},"content":{"rendered":"<p align=\"justify\"><font size=\"3\" face=\"Arial\"><a href=\"http:\/\/www.saloanoticias.com\/images\/trilha-da-cachoeira.jpg1.jpg\"><img loading=\"lazy\" decoding=\"async\" title=\"Trilha da Cachoeira.jpg1\" style=\"border-left-width: 0px; border-right-width: 0px; background-image: none; border-bottom-width: 0px; float: none; padding-top: 0px; padding-left: 0px; margin: 0px auto 10px; display: block; padding-right: 0px; border-top-width: 0px\" border=\"0\" alt=\"Trilha da Cachoeira.jpg1\" src=\"http:\/\/www.saloanoticias.com\/v1\/wp-content\/uploads\/imagens\/trilha-da-cachoeira.jpg1_thumb.jpg\" width=\"425\" height=\"394\"><\/a>Vem ai mais uma edi\u00e7\u00e3o da <font face=\"Arial Black\">Trilha da Cachoeira de Salo\u00e1\/PE<\/font>, esta que j\u00e1 faz parte do calend\u00e1rio festivo do munic\u00edpio e, que re\u00fane centenas de motoqueiros e trilheiros vindos de v\u00e1rias partes do pa\u00eds para enfrentarem as dificuldades dos terrenos com suas possantes motos. Nesta edi\u00e7\u00e3o os organizadores da festa est\u00e3o preparando grandes novidades para os participantes. A trilha vai para o seu nono ano e acontecer\u00e1 no s\u00e1bado 23 de mar\u00e7o de 2014.<\/font><\/p>\n<p align=\"justify\"><a href=\"http:\/\/www.saloanoticias.com\/images\/trilha-da-cachoeira.jpg\"><img loading=\"lazy\" decoding=\"async\" title=\"Trilha da Cachoeira\" style=\"border-left-width: 0px; border-right-width: 0px; background-image: none; border-bottom-width: 0px; float: none; padding-top: 0px; padding-left: 0px; margin: 10px auto; display: block; padding-right: 0px; border-top-width: 0px\" border=\"0\" alt=\"Trilha da Cachoeira\" src=\"http:\/\/www.saloanoticias.com\/v1\/wp-content\/uploads\/imagens\/trilha-da-cachoeira_thumb.jpg\" width=\"425\" height=\"285\"><\/a><\/p>\n<p align=\"justify\"><font size=\"3\" face=\"Arial\">Segundo o Vereador Tisley Vicente, coordenador geral do evento, a expectativa \u00e9 grande devido ao grande n\u00famero de pessoas que devem vir para a cidade e este ano haver\u00e1 al\u00e9m da trilha, uma grande festa na rua com uma banda de renome, o terceiro encontro de pared\u00f5es e muita anima\u00e7\u00e3o pelas ruas da cidade. Tisley n\u00e3o tem d\u00favidas de que a festa desse ano deve superar tranquilamente a do ano passado, tanto em n\u00famero de participantes quanto em estrutura. \u00c0s 10 horas da manh\u00e3 haver\u00e1 um grande caf\u00e9, depois a ben\u00e7\u00e3o do p\u00e1roco da cidade e logo depois os motoqueiros invadem a zona rural. Compre j\u00e1 sua camisa e participe !<\/font><\/p>\n<div style=\"margin-top: 0px; margin-bottom: 0px;\" class=\"sharethis-inline-share-buttons\" ><\/div>","protected":false},"excerpt":{"rendered":"<p>Vem ai mais uma edi\u00e7\u00e3o da Trilha da Cachoeira de Salo\u00e1\/PE, esta que j\u00e1 faz parte do calend\u00e1rio festivo do munic\u00edpio e, que re\u00fane centenas de motoqueiros e trilheiros vindos de v\u00e1rias partes do pa\u00eds para enfrentarem as dificuldades dos terrenos com suas possantes motos. Nesta edi\u00e7\u00e3o os organizadores da festa est\u00e3o preparando grandes novidades [&hellip;]<\/p>\n","protected":false},"author":1,"featured_media":0,"comment_status":"open","ping_status":"open","sticky":false,"template":"","format":"standard","meta":{"footnotes":""},"categories":[2],"tags":[],"class_list":["post-719","post","type-post","status-publish","format-standard","hentry","category-noticias-do-dia"],"_links":{"self":[{"href":"https:\/\/www.saloanoticias.com\/v1\/wp-json\/wp\/v2\/posts\/719","targetHints":{"allow":["GET"]}}],"collection":[{"href":"https:\/\/www.saloanoticias.com\/v1\/wp-json\/wp\/v2\/posts"}],"about":[{"href":"https:\/\/www.saloanoticias.com\/v1\/wp-json\/wp\/v2\/types\/post"}],"author":[{"embeddable":true,"href":"https:\/\/www.saloanoticias.com\/v1\/wp-json\/wp\/v2\/users\/1"}],"replies":[{"embeddable":true,"href":"https:\/\/www.saloanoticias.com\/v1\/wp-json\/wp\/v2\/comments?post=719"}],"version-history":[{"count":0,"href":"https:\/\/www.saloanoticias.com\/v1\/wp-json\/wp\/v2\/posts\/719\/revisions"}],"wp:attachment":[{"href":"https:\/\/www.saloanoticias.com\/v1\/wp-json\/wp\/v2\/media?parent=719"}],"wp:term":[{"taxonomy":"category","embeddable":true,"href":"https:\/\/www.saloanoticias.com\/v1\/wp-json\/wp\/v2\/categories?post=719"},{"taxonomy":"post_tag","embeddable":true,"href":"https:\/\/www.saloanoticias.com\/v1\/wp-json\/wp\/v2\/tags?post=719"}],"curies":[{"name":"wp","href":"https:\/\/api.w.org\/{rel}","templated":true}]}}