{"id":718,"date":"2014-03-09T11:00:00","date_gmt":"2014-03-09T11:00:00","guid":{"rendered":"https:\/\/saloanoticias.mrmediaweb.com\/v1\/2014\/03\/09\/aguas-belas-embeleza-cidadas-em-comemoracao-ao-dia-da-mulher\/"},"modified":"2014-03-09T11:00:00","modified_gmt":"2014-03-09T11:00:00","slug":"aguas-belas-embeleza-cidadas-em-comemoracao-ao-dia-da-mulher","status":"publish","type":"post","link":"https:\/\/www.saloanoticias.com\/v1\/aguas-belas-embeleza-cidadas-em-comemoracao-ao-dia-da-mulher\/","title":{"rendered":"\u00c1GUAS BELAS COMEMORA O DIA DA MULHER"},"content":{"rendered":"<p align=\"justify\"><font size=\"3\" face=\"Arial\"><a href=\"http:\/\/www.saloanoticias.com\/images\/genivldo-menezes.jpg\"><img loading=\"lazy\" decoding=\"async\" title=\"Genivldo Menezes\" style=\"border-left-width: 0px; border-right-width: 0px; background-image: none; border-bottom-width: 0px; float: left; padding-top: 0px; padding-left: 0px; margin: 5px 5px 0px 0px; display: inline; padding-right: 0px; border-top-width: 0px\" border=\"0\" alt=\"Genivldo Menezes\" align=\"left\" src=\"http:\/\/www.saloanoticias.com\/v1\/wp-content\/uploads\/imagens\/genivldo-menezes_thumb.jpg\" width=\"273\" height=\"183\"><\/a>Depois de vivenciar um grandioso carnaval, \u00c1guas Belas esteve novamente em festa neste s\u00e1bado, dia 8. O motivo da festa foi as comemora\u00e7\u00f5es alusivas ao Dia Internacional da Mulher. <\/font><font size=\"3\" face=\"Arial\">A Prefeitura, por interm\u00e9dio da Secretaria de Assist\u00eancia Social, promoveu, na Academia das Cidades, uma tarde especial para as mulheres do Munic\u00edpio governado pelo prefeito Genivaldo Menezes Delgado.<\/font>  <\/p>\n<p align=\"justify\"><font size=\"3\" face=\"Arial\">M\u00fasica ao vivo, sorteio de brindes, oferecimento de lanche e servi\u00e7os de sal\u00e3o de beleza estiveram \u00e0 disposi\u00e7\u00e3o das \u00e1guas-belenses de forma gratuita. \u201cNosso Governo cuida das Mulheres e dos seus filhos diariamente, e neste dia especial, promovemos estas a\u00e7\u00f5es para marcar a data. Contamos com uma expressiva participa\u00e7\u00e3o feminina\u201d, pontuou o Prefeito Genivaldo.<\/font>  <\/p>\n<p align=\"justify\"><font size=\"3\" face=\"Arial Black\">Fonte&nbsp; &#8211;&nbsp; Ascom\/Prefeitura de \u00c1guas Belas<\/font><\/p>\n<div style=\"margin-top: 0px; margin-bottom: 0px;\" class=\"sharethis-inline-share-buttons\" ><\/div>","protected":false},"excerpt":{"rendered":"<p>Depois de vivenciar um grandioso carnaval, \u00c1guas Belas esteve novamente em festa neste s\u00e1bado, dia 8. O motivo da festa foi as comemora\u00e7\u00f5es alusivas ao Dia Internacional da Mulher. A Prefeitura, por interm\u00e9dio da Secretaria de Assist\u00eancia Social, promoveu, na Academia das Cidades, uma tarde especial para as mulheres do Munic\u00edpio governado pelo prefeito Genivaldo [&hellip;]<\/p>\n","protected":false},"author":1,"featured_media":0,"comment_status":"open","ping_status":"open","sticky":false,"template":"","format":"standard","meta":{"footnotes":""},"categories":[2],"tags":[],"class_list":["post-718","post","type-post","status-publish","format-standard","hentry","category-noticias-do-dia"],"_links":{"self":[{"href":"https:\/\/www.saloanoticias.com\/v1\/wp-json\/wp\/v2\/posts\/718","targetHints":{"allow":["GET"]}}],"collection":[{"href":"https:\/\/www.saloanoticias.com\/v1\/wp-json\/wp\/v2\/posts"}],"about":[{"href":"https:\/\/www.saloanoticias.com\/v1\/wp-json\/wp\/v2\/types\/post"}],"author":[{"embeddable":true,"href":"https:\/\/www.saloanoticias.com\/v1\/wp-json\/wp\/v2\/users\/1"}],"replies":[{"embeddable":true,"href":"https:\/\/www.saloanoticias.com\/v1\/wp-json\/wp\/v2\/comments?post=718"}],"version-history":[{"count":0,"href":"https:\/\/www.saloanoticias.com\/v1\/wp-json\/wp\/v2\/posts\/718\/revisions"}],"wp:attachment":[{"href":"https:\/\/www.saloanoticias.com\/v1\/wp-json\/wp\/v2\/media?parent=718"}],"wp:term":[{"taxonomy":"category","embeddable":true,"href":"https:\/\/www.saloanoticias.com\/v1\/wp-json\/wp\/v2\/categories?post=718"},{"taxonomy":"post_tag","embeddable":true,"href":"https:\/\/www.saloanoticias.com\/v1\/wp-json\/wp\/v2\/tags?post=718"}],"curies":[{"name":"wp","href":"https:\/\/api.w.org\/{rel}","templated":true}]}}