{"id":716,"date":"2014-03-08T19:44:29","date_gmt":"2014-03-08T19:44:29","guid":{"rendered":"https:\/\/saloanoticias.mrmediaweb.com\/v1\/2014\/03\/08\/pernambuco-prorroga-prazo-para-pagamento-de-ipva\/"},"modified":"2014-03-08T19:44:29","modified_gmt":"2014-03-08T19:44:29","slug":"pernambuco-prorroga-prazo-para-pagamento-de-ipva","status":"publish","type":"post","link":"https:\/\/www.saloanoticias.com\/v1\/pernambuco-prorroga-prazo-para-pagamento-de-ipva\/","title":{"rendered":"PERNAMBUCO PRORROGA PRAZO PARA PAGAMENTO DE IPVA 2014"},"content":{"rendered":"<p><a name=\"uds-search-results\"><\/a> <\/p>\n<p align=\"justify\"><font size=\"3\" face=\"Arial\"><a href=\"http:\/\/www.saloanoticias.com\/images\/ipva.jpg\"><img loading=\"lazy\" decoding=\"async\" title=\"ipva\" style=\"border-top: 0px; border-right: 0px; background-image: none; border-bottom: 0px; float: left; padding-top: 0px; padding-left: 0px; margin: 0px 5px 5px 0px; border-left: 0px; display: inline; padding-right: 0px\" border=\"0\" alt=\"ipva\" align=\"left\" src=\"http:\/\/www.saloanoticias.com\/v1\/wp-content\/uploads\/imagens\/ipva_thumb.jpg\" width=\"268\" height=\"180\"><\/a>O Departamento Estadual de Tr\u00e2nsito de Pernambuco informou que o prazo para o pagamento da 1\u00aa parcela do Imposto sobre a Propriedade de Ve\u00edculos Automotores (IPVA) de carros com placas terminadas em 1,2,3 e 4, que terminaria nesta sexta (7), foi prorrogado para a pr\u00f3xima quarta-feira (12). A prorroga\u00e7\u00e3o vale tanto para pagamento em cota-\u00fanica, quanto parcelado.<\/font><\/p>\n<p align=\"justify\"><font size=\"3\" face=\"Arial\">Nesta sexta, motoristas relataram dificuldades para imprimir o boleto do IPVA no <\/font><a href=\"http:\/\/www.detran.pe.gov.br\/\"><font size=\"3\" face=\"Arial\">site<\/font><\/a><font size=\"3\" face=\"Arial\"> do \u00f3rg\u00e3o. O Detran-PE e a Ag\u00eancia Estadual de Tecnologia da Informa\u00e7\u00e3o (ATI) divulgaram que est\u00e3o realizando ajustes t\u00e9cnicos para aumentar a velocidade de processamento da emiss\u00e3o das guias de pagamento das taxas do licenciamento 2014.<\/font> <\/p>\n<p align=\"justify\"><font size=\"3\"><font face=\"Arial\">Segundo o Detran-PE, os acessos ao site cresceram devido \u00e0 greve dos Correios, que impossibilitou a chegada dos boletos \u00e0s resid\u00eancias. Outro fator foi o aumento da frota de ve\u00edculos, que nos \u00faltimos tr\u00eas anos, aumentou em quase um milh\u00e3o. <b>(Com Informa\u00e7\u00f5es do G1)<\/b><\/font><\/font><\/p>\n<div style=\"margin-top: 0px; margin-bottom: 0px;\" class=\"sharethis-inline-share-buttons\" ><\/div>","protected":false},"excerpt":{"rendered":"<p>O Departamento Estadual de Tr\u00e2nsito de Pernambuco informou que o prazo para o pagamento da 1\u00aa parcela do Imposto sobre a Propriedade de Ve\u00edculos Automotores (IPVA) de carros com placas terminadas em 1,2,3 e 4, que terminaria nesta sexta (7), foi prorrogado para a pr\u00f3xima quarta-feira (12). A prorroga\u00e7\u00e3o vale tanto para pagamento em cota-\u00fanica, [&hellip;]<\/p>\n","protected":false},"author":1,"featured_media":0,"comment_status":"open","ping_status":"open","sticky":false,"template":"","format":"standard","meta":{"footnotes":""},"categories":[2],"tags":[],"class_list":["post-716","post","type-post","status-publish","format-standard","hentry","category-noticias-do-dia"],"_links":{"self":[{"href":"https:\/\/www.saloanoticias.com\/v1\/wp-json\/wp\/v2\/posts\/716","targetHints":{"allow":["GET"]}}],"collection":[{"href":"https:\/\/www.saloanoticias.com\/v1\/wp-json\/wp\/v2\/posts"}],"about":[{"href":"https:\/\/www.saloanoticias.com\/v1\/wp-json\/wp\/v2\/types\/post"}],"author":[{"embeddable":true,"href":"https:\/\/www.saloanoticias.com\/v1\/wp-json\/wp\/v2\/users\/1"}],"replies":[{"embeddable":true,"href":"https:\/\/www.saloanoticias.com\/v1\/wp-json\/wp\/v2\/comments?post=716"}],"version-history":[{"count":0,"href":"https:\/\/www.saloanoticias.com\/v1\/wp-json\/wp\/v2\/posts\/716\/revisions"}],"wp:attachment":[{"href":"https:\/\/www.saloanoticias.com\/v1\/wp-json\/wp\/v2\/media?parent=716"}],"wp:term":[{"taxonomy":"category","embeddable":true,"href":"https:\/\/www.saloanoticias.com\/v1\/wp-json\/wp\/v2\/categories?post=716"},{"taxonomy":"post_tag","embeddable":true,"href":"https:\/\/www.saloanoticias.com\/v1\/wp-json\/wp\/v2\/tags?post=716"}],"curies":[{"name":"wp","href":"https:\/\/api.w.org\/{rel}","templated":true}]}}