{"id":715,"date":"2014-03-08T14:39:48","date_gmt":"2014-03-08T14:39:48","guid":{"rendered":"https:\/\/saloanoticias.mrmediaweb.com\/v1\/2014\/03\/08\/adione-ferreira-de-idade-nova-neste-sabado\/"},"modified":"2014-03-08T14:39:48","modified_gmt":"2014-03-08T14:39:48","slug":"adione-ferreira-de-idade-nova-neste-sabado","status":"publish","type":"post","link":"https:\/\/www.saloanoticias.com\/v1\/adione-ferreira-de-idade-nova-neste-sabado\/","title":{"rendered":"ADIONE FERREIRA DE IDADE NOVA NESTE S\u00c1BADO"},"content":{"rendered":"<p align=\"justify\"><font size=\"3\" face=\"Arial\"><a href=\"http:\/\/www.saloanoticias.com\/images\/adione-ferreira.jpg\"><img loading=\"lazy\" decoding=\"async\" title=\"Adione Ferreira\" style=\"border-top: 0px; border-right: 0px; background-image: none; border-bottom: 0px; float: right; padding-top: 0px; padding-left: 0px; margin: 5px 0px 0px 5px; border-left: 0px; display: inline; padding-right: 0px\" border=\"0\" alt=\"Adione Ferreira\" align=\"right\" src=\"http:\/\/www.saloanoticias.com\/v1\/wp-content\/uploads\/imagens\/adione-ferreira_thumb.jpg\" width=\"261\" height=\"196\"><\/a>Quem apaga as velinhas no dia de hoje \u00e9 o assessor executivo da prefeitura de Salo\u00e1\/PE, Adione Ferreira Maciel. Adione foi vereador, presidente da c\u00e2mara, secret\u00e1rio municipal e assessor parlamentar do deputado Manoel Alves, tempo em que fez bastante amizade na capital do estado e adquiriu grande experi\u00eancia na sua vida p\u00fablica. Atualmente ele trabalha ao lado do prefeito Ricardo Alves e tem dado sua contribui\u00e7\u00e3o na atual administra\u00e7\u00e3o.<\/font><\/p>\n<p align=\"justify\"><font size=\"3\" face=\"Arial\">N\u00f3s que fazemos o Blog Salo\u00e1 Not\u00edcias desejamos ao mesmo muita paz, sa\u00fade e realiza\u00e7\u00f5es na sua vida profissional e que ele continue sendo esta pessoa simples e dedicada em suas atribu\u00e7\u00f5es. Na foto ao lado, vemos Adione navegando na net e vendo as principais not\u00edcias do Blog Salo\u00e1 Not\u00edcias.<\/font><\/p>\n<div style=\"margin-top: 0px; margin-bottom: 0px;\" class=\"sharethis-inline-share-buttons\" ><\/div>","protected":false},"excerpt":{"rendered":"<p>Quem apaga as velinhas no dia de hoje \u00e9 o assessor executivo da prefeitura de Salo\u00e1\/PE, Adione Ferreira Maciel. Adione foi vereador, presidente da c\u00e2mara, secret\u00e1rio municipal e assessor parlamentar do deputado Manoel Alves, tempo em que fez bastante amizade na capital do estado e adquiriu grande experi\u00eancia na sua vida p\u00fablica. Atualmente ele trabalha [&hellip;]<\/p>\n","protected":false},"author":1,"featured_media":0,"comment_status":"open","ping_status":"open","sticky":false,"template":"","format":"standard","meta":{"footnotes":""},"categories":[2],"tags":[],"class_list":["post-715","post","type-post","status-publish","format-standard","hentry","category-noticias-do-dia"],"_links":{"self":[{"href":"https:\/\/www.saloanoticias.com\/v1\/wp-json\/wp\/v2\/posts\/715","targetHints":{"allow":["GET"]}}],"collection":[{"href":"https:\/\/www.saloanoticias.com\/v1\/wp-json\/wp\/v2\/posts"}],"about":[{"href":"https:\/\/www.saloanoticias.com\/v1\/wp-json\/wp\/v2\/types\/post"}],"author":[{"embeddable":true,"href":"https:\/\/www.saloanoticias.com\/v1\/wp-json\/wp\/v2\/users\/1"}],"replies":[{"embeddable":true,"href":"https:\/\/www.saloanoticias.com\/v1\/wp-json\/wp\/v2\/comments?post=715"}],"version-history":[{"count":0,"href":"https:\/\/www.saloanoticias.com\/v1\/wp-json\/wp\/v2\/posts\/715\/revisions"}],"wp:attachment":[{"href":"https:\/\/www.saloanoticias.com\/v1\/wp-json\/wp\/v2\/media?parent=715"}],"wp:term":[{"taxonomy":"category","embeddable":true,"href":"https:\/\/www.saloanoticias.com\/v1\/wp-json\/wp\/v2\/categories?post=715"},{"taxonomy":"post_tag","embeddable":true,"href":"https:\/\/www.saloanoticias.com\/v1\/wp-json\/wp\/v2\/tags?post=715"}],"curies":[{"name":"wp","href":"https:\/\/api.w.org\/{rel}","templated":true}]}}