{"id":714,"date":"2014-03-08T03:59:03","date_gmt":"2014-03-08T03:59:03","guid":{"rendered":"https:\/\/saloanoticias.mrmediaweb.com\/v1\/2014\/03\/08\/hoje-e-o-dia-internacional-da-mulher\/"},"modified":"2014-03-08T03:59:03","modified_gmt":"2014-03-08T03:59:03","slug":"hoje-e-o-dia-internacional-da-mulher","status":"publish","type":"post","link":"https:\/\/www.saloanoticias.com\/v1\/hoje-e-o-dia-internacional-da-mulher\/","title":{"rendered":"HOJE \u00c9 O DIA INTERNACIONAL DA MULHER"},"content":{"rendered":"<p align=\"justify\"><b><font size=\"3\" face=\"Arial\"><a href=\"http:\/\/www.saloanoticias.com\/images\/flor-pra-voce.jpg\"><img loading=\"lazy\" decoding=\"async\" title=\"flor-pra-voce\" style=\"border-top: 0px; border-right: 0px; background-image: none; border-bottom: 0px; float: left; padding-top: 0px; padding-left: 0px; margin: 5px 5px 0px 0px; border-left: 0px; display: inline; padding-right: 0px\" border=\"0\" alt=\"flor-pra-voce\" align=\"left\" src=\"http:\/\/www.saloanoticias.com\/v1\/wp-content\/uploads\/imagens\/flor-pra-voce_thumb.jpg\" width=\"248\" height=\"214\"><\/a>Hist\u00f3ria do 8 de mar\u00e7o&nbsp; &#8211;&nbsp; <\/font><\/b><font size=\"3\" face=\"Arial\">No Dia 8 de mar\u00e7o de 1857, oper\u00e1rias de uma f\u00e1brica de tecidos, situada na cidade norte americana de Nova Iorque, fizeram uma grande greve. Ocuparam a f\u00e1brica e come\u00e7aram a reivindicar melhores condi\u00e7\u00f5es de trabalho, tais como, redu\u00e7\u00e3o na carga di\u00e1ria de trabalho para dez horas (as f\u00e1bricas exigiam 16 horas de trabalho di\u00e1rio), equipara\u00e7\u00e3o de sal\u00e1rios com os homens (as mulheres chegavam a receber at\u00e9 um ter\u00e7o do sal\u00e1rio de um homem, para executar o mesmo tipo de trabalho) e tratamento digno dentro do ambiente de trabalho.<\/font> <\/p>\n<p align=\"justify\"><font size=\"3\" face=\"Arial\">A manifesta\u00e7\u00e3o foi reprimida com total viol\u00eancia. As mulheres foram trancadas dentro da f\u00e1brica, que foi incendiada. Aproximadamente 130 tecel\u00e3s morreram carbonizadas, num ato totalmente desumano. <\/font><font size=\"3\" face=\"Arial\">Por\u00e9m, somente no ano de 1910, durante uma confer\u00eancia na <\/font><a href=\"http:\/\/www.suapesquisa.com\/paises\/dinamarca\"><font size=\"3\" face=\"Arial\">Dinamarca<\/font><\/a><font size=\"3\" face=\"Arial\">, ficou decidido que o 8 de mar\u00e7o passaria a ser o &#8220;Dia Internacional da Mulher&#8221;, em homenagem as mulheres que morreram na f\u00e1brica em 1857. Mas somente no ano de 1975, atrav\u00e9s de um decreto, a data foi oficializada pela <\/font><a href=\"http:\/\/www.suapesquisa.com\/geografia\/onu.htm\"><font size=\"3\" face=\"Arial\">ONU<\/font><\/a><font size=\"3\" face=\"Arial\"> (Organiza\u00e7\u00e3o das Na\u00e7\u00f5es Unidas).<\/font> <\/p>\n<p align=\"justify\"><b><font size=\"3\" face=\"Arial\">Objetivo da Data&nbsp; &#8211;&nbsp; <\/font><\/b><font size=\"3\" face=\"Arial\">Ao ser criada esta data, n\u00e3o se pretendia apenas comemorar. Na maioria dos pa\u00edses, realizam-se confer\u00eancias, debates e reuni\u00f5es cujo objetivo \u00e9 discutir o papel da mulher na sociedade atual. O esfor\u00e7o \u00e9 para tentar diminuir e, quem sabe um dia terminar, com o preconceito e a desvaloriza\u00e7\u00e3o da mulher. Mesmo com todos os avan\u00e7os, elas ainda sofrem, em muitos locais, com sal\u00e1rios baixos, viol\u00eancia masculina, jornada excessiva de <\/font><a href=\"http:\/\/www.suapesquisa.com\/datascomemorativas\/dia_do_trabalho.htm\"><font size=\"3\" face=\"Arial\">trabalho<\/font><\/a><font size=\"3\" face=\"Arial\"> e desvantagens na carreira profissional. Muito foi conquistado, mas muito ainda h\u00e1 para ser modificado nesta hist\u00f3ria.<\/font> <\/p>\n<p align=\"justify\"><b><font size=\"3\" face=\"Arial\">Conquistas das Mulheres Brasileiras&nbsp; &#8211;&nbsp; <\/font><\/b><font size=\"3\" face=\"Arial\">Podemos dizer que o dia 24 de fevereiro de 1932 foi um marco na hist\u00f3ria da mulher brasileira. Nesta data foi institu\u00eddo o voto feminino. As mulheres conquistavam, depois de muitos anos de reivindica\u00e7\u00f5es e discuss\u00f5es, o direito de votar e serem eleitas para cargos no executivo e <\/font><a href=\"http:\/\/www.suapesquisa.com\/o_que_e\/poder_legislativo.htm\"><font size=\"3\" face=\"Arial\">legislativo<\/font><\/a><font size=\"3\" face=\"Arial\">.<\/font> <\/p>\n<p align=\"center\"><b><font size=\"3\" face=\"Arial\">Marcos das Conquistas das Mulheres na Hist\u00f3ria <\/font><\/b> <\/p>\n<p align=\"center\"><font size=\"3\" face=\"Arial\">&#8211; 1788 &#8211; o pol\u00edtico e <\/font><a href=\"http:\/\/www.suapesquisa.com\/filosofia\"><font size=\"3\" face=\"Arial\">fil\u00f3sofo<\/font><\/a><font size=\"3\" face=\"Arial\"> franc\u00eas Condorcet reivindica direitos de participa\u00e7\u00e3o pol\u00edtica, <\/font><a href=\"http:\/\/www.suapesquisa.com\/educacaoesportes\/arrumar_emprego.htm\"><font size=\"3\" face=\"Arial\">emprego<\/font><\/a><font size=\"3\" face=\"Arial\"> e <\/font><a href=\"http:\/\/www.suapesquisa.com\/educacaoesportes\"><font size=\"3\" face=\"Arial\">educa\u00e7\u00e3o<\/font><\/a><font size=\"3\" face=\"Arial\"> para as mulheres.<\/font> <\/p>\n<p align=\"center\"><font size=\"3\" face=\"Arial\">&#8211; 1840 &#8211; Lucr\u00e9cia Mott luta pela igualdade de direitos para mulheres e negros dos <\/font><a href=\"http:\/\/www.suapesquisa.com\/paises\/eua\"><font size=\"3\" face=\"Arial\">Estados Unidos<\/font><\/a><font size=\"3\" face=\"Arial\">.<\/font> <\/p>\n<p align=\"center\"><font size=\"3\" face=\"Arial\">&#8211; 1859 &#8211; surge na <\/font><a href=\"http:\/\/www.suapesquisa.com\/paises\/russia\"><font size=\"3\" face=\"Arial\">R\u00fassia<\/font><\/a><font size=\"3\" face=\"Arial\">, na cidade de S\u00e3o Petersburgo, um movimento de luta pelos direitos das mulheres.<\/font> <\/p>\n<p align=\"center\"><font size=\"3\" face=\"Arial\">&#8211; 1862 &#8211; durante as elei\u00e7\u00f5es municipais, as mulheres podem votar pela primeira vez na Su\u00e9cia.<\/font> <\/p>\n<p align=\"center\"><font size=\"3\" face=\"Arial\">&#8211; 1865 &#8211; na <\/font><a href=\"http:\/\/www.suapesquisa.com\/paises\/alemanha\"><font size=\"3\" face=\"Arial\">Alemanha<\/font><\/a><font size=\"3\" face=\"Arial\">, Louise Otto, cria a Associa\u00e7\u00e3o Geral das Mulheres Alem\u00e3s.<\/font> <\/p>\n<p align=\"center\"><font size=\"3\" face=\"Arial\">&#8211; 1866 &#8211; No Reino Unido, o economista John S. Mill escreve exigindo o direito de voto para as mulheres inglesas<\/font> <\/p>\n<p align=\"center\"><font size=\"3\" face=\"Arial\">&#8211; 1869 &#8211; \u00e9 criada nos Estados Unidos a Associa\u00e7\u00e3o Nacional para o Sufr\u00e1gio das Mulheres<\/font> <\/p>\n<p align=\"center\"><font size=\"3\" face=\"Arial\">&#8211; 1870 &#8211; Na Fran\u00e7a, as mulheres passam a ter acesso aos cursos de <\/font><a href=\"http:\/\/www.suapesquisa.com\/ecologiasaude\/medicina.htm\"><font size=\"3\" face=\"Arial\">Medicina<\/font><\/a><font size=\"3\" face=\"Arial\">.<\/font> <\/p>\n<p align=\"center\"><font size=\"3\" face=\"Arial\">&#8211; 1874 &#8211; criada no <\/font><a href=\"http:\/\/www.suapesquisa.com\/paises\/japao\"><font size=\"3\" face=\"Arial\">Jap\u00e3o<\/font><\/a><font size=\"3\" face=\"Arial\"> a primeira escola normal para mo\u00e7as<\/font> <\/p>\n<p align=\"center\"><font size=\"3\" face=\"Arial\">&#8211; 1878 &#8211; criada na R\u00fassia uma Universidade Feminina<\/font> <\/p>\n<p align=\"center\"><font size=\"3\" face=\"Arial\">&#8211; 1901 &#8211; o deputado franc\u00eas Ren\u00e9 Viviani defende o direito de voto das mulheres<\/font><\/p>\n<div style=\"margin-top: 0px; margin-bottom: 0px;\" class=\"sharethis-inline-share-buttons\" ><\/div>","protected":false},"excerpt":{"rendered":"<p>Hist\u00f3ria do 8 de mar\u00e7o&nbsp; &#8211;&nbsp; No Dia 8 de mar\u00e7o de 1857, oper\u00e1rias de uma f\u00e1brica de tecidos, situada na cidade norte americana de Nova Iorque, fizeram uma grande greve. Ocuparam a f\u00e1brica e come\u00e7aram a reivindicar melhores condi\u00e7\u00f5es de trabalho, tais como, redu\u00e7\u00e3o na carga di\u00e1ria de trabalho para dez horas (as f\u00e1bricas [&hellip;]<\/p>\n","protected":false},"author":1,"featured_media":0,"comment_status":"open","ping_status":"open","sticky":false,"template":"","format":"standard","meta":{"footnotes":""},"categories":[2],"tags":[],"class_list":["post-714","post","type-post","status-publish","format-standard","hentry","category-noticias-do-dia"],"_links":{"self":[{"href":"https:\/\/www.saloanoticias.com\/v1\/wp-json\/wp\/v2\/posts\/714","targetHints":{"allow":["GET"]}}],"collection":[{"href":"https:\/\/www.saloanoticias.com\/v1\/wp-json\/wp\/v2\/posts"}],"about":[{"href":"https:\/\/www.saloanoticias.com\/v1\/wp-json\/wp\/v2\/types\/post"}],"author":[{"embeddable":true,"href":"https:\/\/www.saloanoticias.com\/v1\/wp-json\/wp\/v2\/users\/1"}],"replies":[{"embeddable":true,"href":"https:\/\/www.saloanoticias.com\/v1\/wp-json\/wp\/v2\/comments?post=714"}],"version-history":[{"count":0,"href":"https:\/\/www.saloanoticias.com\/v1\/wp-json\/wp\/v2\/posts\/714\/revisions"}],"wp:attachment":[{"href":"https:\/\/www.saloanoticias.com\/v1\/wp-json\/wp\/v2\/media?parent=714"}],"wp:term":[{"taxonomy":"category","embeddable":true,"href":"https:\/\/www.saloanoticias.com\/v1\/wp-json\/wp\/v2\/categories?post=714"},{"taxonomy":"post_tag","embeddable":true,"href":"https:\/\/www.saloanoticias.com\/v1\/wp-json\/wp\/v2\/tags?post=714"}],"curies":[{"name":"wp","href":"https:\/\/api.w.org\/{rel}","templated":true}]}}