{"id":713,"date":"2014-03-07T16:00:00","date_gmt":"2014-03-07T16:00:00","guid":{"rendered":"https:\/\/saloanoticias.mrmediaweb.com\/v1\/2014\/03\/07\/agente-de-saude-de-saloa-fala-sobre-efetivacao\/"},"modified":"2014-03-07T16:00:00","modified_gmt":"2014-03-07T16:00:00","slug":"agente-de-saude-de-saloa-fala-sobre-efetivacao","status":"publish","type":"post","link":"https:\/\/www.saloanoticias.com\/v1\/agente-de-saude-de-saloa-fala-sobre-efetivacao\/","title":{"rendered":"AGENTE DE SA\u00daDE FALA SOBRE EFETIVA\u00c7\u00c3O"},"content":{"rendered":"<p align=\"justify\"><font size=\"3\" face=\"Arial\"><a href=\"http:\/\/www.saloanoticias.com\/images\/givaldo.jpg\"><img loading=\"lazy\" decoding=\"async\" title=\"Givaldo\" style=\"border-left-width: 0px; border-right-width: 0px; background-image: none; border-bottom-width: 0px; float: left; padding-top: 0px; padding-left: 0px; margin: 5px 5px 0px 0px; display: inline; padding-right: 0px; border-top-width: 0px\" border=\"0\" alt=\"Givaldo\" align=\"left\" src=\"http:\/\/www.saloanoticias.com\/v1\/wp-content\/uploads\/imagens\/givaldo_thumb.jpg\" width=\"197\" height=\"205\"><\/a><font face=\"Arial Black\">TV WEB SALO\u00c1 NOT\u00cdCIAS<\/font>&nbsp; &#8211;&nbsp; No dia 21 do m\u00eas de fevereiro de 2014 aconteceu a solenidade de efetiva\u00e7\u00e3o dos 16 Agentes Comunit\u00e1rios de Sa\u00fade mais um Agente de Endemias do munic\u00edpio de Salo\u00e1 e o ato foi bastante comemorado devido a grande expectativa que se gerou em torno do assunto, pois muitos ainda n\u00e3o acreditavam que realmente aquilo n\u00e3o iria acontecer, j\u00e1 que os agentes haviam passado por muitos momentos frustrantes em rela\u00e7\u00e3o a isso. Contudo, o ato aconteceu e agora os profissionais da sa\u00fade est\u00e3o efetivados e com estabilidade no emprego e isso gerou muita tranquilidade e seguran\u00e7a.<\/font><\/p>\n<p align=\"justify\"><font size=\"3\" face=\"Arial\">Depois da assinatura de nomea\u00e7\u00e3o os novos funcion\u00e1rios do munic\u00edpio e seus convidados foram homenageados com um grande coquetel na quadra de esportes do col\u00e9gio S\u00e3o Vicente e na ocasi\u00e3o o agente Ant\u00f4nio Givaldo, vice-presidente da Associa\u00e7\u00e3o dos Agentes de Sa\u00fade de Salo\u00e1 falou de sua satisfa\u00e7\u00e3o em ter o seu direito assegurado pelo prefeito Ricardo Alves no ato da nomea\u00e7\u00e3o. Confira o v\u00eddeo logo abaixo.<\/font><\/p>\n<div id=\"scid:5737277B-5D6D-4f48-ABFC-DD9C333F4C5D:f6d48100-8e0e-46cf-8f7b-86a264a672a7\" class=\"wlWriterEditableSmartContent\" style=\"float: none; padding-bottom: 10px; padding-top: 10px; padding-left: 0px; margin: 0px auto; display: block; padding-right: 0px; width: 666px\">\n<div id=\"cd83cff9-c95a-4907-9394-f37a1c47cbd2\" style=\"margin: 0px; padding: 0px; display: inline;\">\n<div><a href=\"http:\/\/www.youtube.com\/watch?v=bKFOq5Z3760\" target=\"_new\"><img decoding=\"async\" src=\"http:\/\/www.saloanoticias.com\/v1\/wp-content\/uploads\/imagens\/video61c3880b9d2d_6c73858a8fe7e7bbb1546b5d6a0e1307.jpg\" style=\"border-style: none\" galleryimg=\"no\" onload=\"var downlevelDiv = document.getElementById('cd83cff9-c95a-4907-9394-f37a1c47cbd2'); downlevelDiv.innerHTML = &quot;&lt;div&gt;&lt;object width=\\&quot;666\\&quot; height=\\&quot;374\\&quot;&gt;&lt;param name=\\&quot;movie\\&quot; value=\\&quot;http:\/\/www.youtube.com\/v\/bKFOq5Z3760?hl=en&amp;hd=1\\&quot;&gt;&lt;\\\/param&gt;&lt;embed src=\\&quot;http:\/\/www.youtube.com\/v\/bKFOq5Z3760?hl=en&amp;hd=1\\&quot; type=\\&quot;application\/x-shockwave-flash\\&quot; width=\\&quot;666\\&quot; height=\\&quot;374\\&quot;&gt;&lt;\\\/embed&gt;&lt;\\\/object&gt;&lt;\\\/div&gt;&quot;;\" alt=\"\"><\/a><\/div>\n<\/div>\n<div style=\"width:666px;clear:both;font-size:.8em\">Agente Comunit\u00e1rio de Sa\u00fade fala sobre efetiva\u00e7\u00e3o, evento aconteceu no dia 21 de fevereiro de 2014 em Salo\u00e1\/PE<\/div>\n<\/div>\n<p align=\"justify\"><font size=\"3\" face=\"Arial Black\">Obs. Para ouvir o som do v\u00eddeo desligue o plugin da r\u00e1dio web que fica na parte de baixo do nosso site.<\/font><\/p>\n<div style=\"margin-top: 0px; margin-bottom: 0px;\" class=\"sharethis-inline-share-buttons\" ><\/div>","protected":false},"excerpt":{"rendered":"<p>TV WEB SALO\u00c1 NOT\u00cdCIAS&nbsp; &#8211;&nbsp; No dia 21 do m\u00eas de fevereiro de 2014 aconteceu a solenidade de efetiva\u00e7\u00e3o dos 16 Agentes Comunit\u00e1rios de Sa\u00fade mais um Agente de Endemias do munic\u00edpio de Salo\u00e1 e o ato foi bastante comemorado devido a grande expectativa que se gerou em torno do assunto, pois muitos ainda n\u00e3o [&hellip;]<\/p>\n","protected":false},"author":1,"featured_media":0,"comment_status":"open","ping_status":"open","sticky":false,"template":"","format":"standard","meta":{"footnotes":""},"categories":[2],"tags":[],"class_list":["post-713","post","type-post","status-publish","format-standard","hentry","category-noticias-do-dia"],"_links":{"self":[{"href":"https:\/\/www.saloanoticias.com\/v1\/wp-json\/wp\/v2\/posts\/713","targetHints":{"allow":["GET"]}}],"collection":[{"href":"https:\/\/www.saloanoticias.com\/v1\/wp-json\/wp\/v2\/posts"}],"about":[{"href":"https:\/\/www.saloanoticias.com\/v1\/wp-json\/wp\/v2\/types\/post"}],"author":[{"embeddable":true,"href":"https:\/\/www.saloanoticias.com\/v1\/wp-json\/wp\/v2\/users\/1"}],"replies":[{"embeddable":true,"href":"https:\/\/www.saloanoticias.com\/v1\/wp-json\/wp\/v2\/comments?post=713"}],"version-history":[{"count":0,"href":"https:\/\/www.saloanoticias.com\/v1\/wp-json\/wp\/v2\/posts\/713\/revisions"}],"wp:attachment":[{"href":"https:\/\/www.saloanoticias.com\/v1\/wp-json\/wp\/v2\/media?parent=713"}],"wp:term":[{"taxonomy":"category","embeddable":true,"href":"https:\/\/www.saloanoticias.com\/v1\/wp-json\/wp\/v2\/categories?post=713"},{"taxonomy":"post_tag","embeddable":true,"href":"https:\/\/www.saloanoticias.com\/v1\/wp-json\/wp\/v2\/tags?post=713"}],"curies":[{"name":"wp","href":"https:\/\/api.w.org\/{rel}","templated":true}]}}