{"id":712,"date":"2014-03-07T11:00:00","date_gmt":"2014-03-07T11:00:00","guid":{"rendered":"https:\/\/saloanoticias.mrmediaweb.com\/v1\/2014\/03\/07\/vereadores-de-saloa-falam-sobre-a-morte-de-sergio-guerra\/"},"modified":"2014-03-07T11:00:00","modified_gmt":"2014-03-07T11:00:00","slug":"vereadores-de-saloa-falam-sobre-a-morte-de-sergio-guerra","status":"publish","type":"post","link":"https:\/\/www.saloanoticias.com\/v1\/vereadores-de-saloa-falam-sobre-a-morte-de-sergio-guerra\/","title":{"rendered":"VEREADORES DE SALO\u00c1 LAMENTAM A MORTE DE S\u00c9RGIO GUERRA"},"content":{"rendered":"<p align=\"justify\"><font size=\"3\" face=\"Arial\"><a href=\"http:\/\/www.saloanoticias.com\/images\/ronaldo_562fba355ec9adda077490ebeab30eb5.jpg\"><img loading=\"lazy\" decoding=\"async\" title=\"Ronaldo\" style=\"border-top: 0px; border-right: 0px; background-image: none; border-bottom: 0px; float: left; padding-top: 0px; padding-left: 0px; margin: 5px 5px 0px 0px; border-left: 0px; display: inline; padding-right: 0px\" border=\"0\" alt=\"Ronaldo\" align=\"left\" src=\"http:\/\/www.saloanoticias.com\/v1\/wp-content\/uploads\/imagens\/ronaldo_thumb_be773390fad5c53525cb404200266ffb.jpg\" width=\"174\" height=\"170\"><\/a>A morte do deputado federal S\u00e9rgio Guerra foi assunto nos principais jornais e notici\u00e1rios de todo o pa\u00eds durante esta quinta-feira (6\/3), e causou muita como\u00e7\u00e3o no meio pol\u00edtico. S\u00e9rgio Guerra era presidente estadual do PSDB, partido muito grande e de import\u00e2ncia sem igual na atual conjectura pol\u00edtica nacional e estadual. Em Salo\u00e1 tr\u00eas vereadores da bancada governista s\u00e3o deste partido, s\u00e3o eles, o presidente da c\u00e2mara, Ronaldinho Birunda, Izenilda Brand\u00e3o e Ivan do Co\u00eama. Depois da not\u00edcia do falecimento, os vereadores lamentaram o fato e usaram as redes sociais para desejar as condol\u00eancias a fam\u00edlia do falecido.<\/font><\/p>\n<p align=\"justify\"><font size=\"3\" face=\"Arial\">Segundo o vereador Ronaldinho a morte de Guerra deixa a democracia brasileira mais enfraquecida, j\u00e1 que o mesmo era defensor ferrenho do estado democr\u00e1tico de direito e lutou por este ideal. Antes de ser presidente estadual do partido, ele liderou a leganda nacional por v\u00e1rios anos. S\u00e9rgio Guerra foi deputado estadual, federal, senador e secret\u00e1rio de estado por duas vezes no governo de Arraes.<\/font><\/p>\n<div style=\"margin-top: 0px; margin-bottom: 0px;\" class=\"sharethis-inline-share-buttons\" ><\/div>","protected":false},"excerpt":{"rendered":"<p>A morte do deputado federal S\u00e9rgio Guerra foi assunto nos principais jornais e notici\u00e1rios de todo o pa\u00eds durante esta quinta-feira (6\/3), e causou muita como\u00e7\u00e3o no meio pol\u00edtico. S\u00e9rgio Guerra era presidente estadual do PSDB, partido muito grande e de import\u00e2ncia sem igual na atual conjectura pol\u00edtica nacional e estadual. Em Salo\u00e1 tr\u00eas vereadores [&hellip;]<\/p>\n","protected":false},"author":1,"featured_media":0,"comment_status":"open","ping_status":"open","sticky":false,"template":"","format":"standard","meta":{"footnotes":""},"categories":[2],"tags":[],"class_list":["post-712","post","type-post","status-publish","format-standard","hentry","category-noticias-do-dia"],"_links":{"self":[{"href":"https:\/\/www.saloanoticias.com\/v1\/wp-json\/wp\/v2\/posts\/712","targetHints":{"allow":["GET"]}}],"collection":[{"href":"https:\/\/www.saloanoticias.com\/v1\/wp-json\/wp\/v2\/posts"}],"about":[{"href":"https:\/\/www.saloanoticias.com\/v1\/wp-json\/wp\/v2\/types\/post"}],"author":[{"embeddable":true,"href":"https:\/\/www.saloanoticias.com\/v1\/wp-json\/wp\/v2\/users\/1"}],"replies":[{"embeddable":true,"href":"https:\/\/www.saloanoticias.com\/v1\/wp-json\/wp\/v2\/comments?post=712"}],"version-history":[{"count":0,"href":"https:\/\/www.saloanoticias.com\/v1\/wp-json\/wp\/v2\/posts\/712\/revisions"}],"wp:attachment":[{"href":"https:\/\/www.saloanoticias.com\/v1\/wp-json\/wp\/v2\/media?parent=712"}],"wp:term":[{"taxonomy":"category","embeddable":true,"href":"https:\/\/www.saloanoticias.com\/v1\/wp-json\/wp\/v2\/categories?post=712"},{"taxonomy":"post_tag","embeddable":true,"href":"https:\/\/www.saloanoticias.com\/v1\/wp-json\/wp\/v2\/tags?post=712"}],"curies":[{"name":"wp","href":"https:\/\/api.w.org\/{rel}","templated":true}]}}