{"id":711,"date":"2014-03-06T21:00:00","date_gmt":"2014-03-06T21:00:00","guid":{"rendered":"https:\/\/saloanoticias.mrmediaweb.com\/v1\/2014\/03\/06\/campanha-contra-violencia-feminina\/"},"modified":"2014-03-06T21:00:00","modified_gmt":"2014-03-06T21:00:00","slug":"campanha-contra-violencia-feminina","status":"publish","type":"post","link":"https:\/\/www.saloanoticias.com\/v1\/campanha-contra-violencia-feminina\/","title":{"rendered":"SALO\u00c1 REALIZA CAMPANHA PARA COIBIR VIOL\u00caNCIA CONTRA A MULHER"},"content":{"rendered":"<p align=\"justify\"><font size=\"3\" face=\"Arial\"><a href=\"http:\/\/www.saloanoticias.com\/images\/cm.jpg\"><img loading=\"lazy\" decoding=\"async\" title=\"CM\" style=\"border-left-width: 0px; border-right-width: 0px; background-image: none; border-bottom-width: 0px; float: none; padding-top: 0px; padding-left: 0px; margin: 0px auto 10px; display: block; padding-right: 0px; border-top-width: 0px\" border=\"0\" alt=\"CM\" src=\"http:\/\/www.saloanoticias.com\/v1\/wp-content\/uploads\/imagens\/cm_thumb.jpg\" width=\"534\" height=\"401\"><\/a>A Secretaria de Assist\u00eancia Social de Salo\u00e1, atrav\u00e9s da Coordenadoria da Mulher, realiza a \u201cSemana da Mulher\u201d. Para marca este m\u00eas que tem o dia 8 como Internacional da mulher, a Coordenadoria formatou uma programa\u00e7\u00e3o que segue de 09 a 12 de mar\u00e7o, e contempla v\u00e1rias atividades associativas al\u00e9m de palestras nas escolas. <\/font><font size=\"3\" face=\"Arial\">No domingo (09) ser\u00e1 o lan\u00e7amento da Campanha Viol\u00eancia contra a Mulher \u00e9 Jogo Sujo.<\/font>&nbsp; <\/p>\n<p align=\"justify\"><font size=\"3\" face=\"Arial\">Nos dias 10 e 11 acontece o ciclo de palestras visando conscientizar estudantes e trabalhadores para a import\u00e2ncia das mulheres e o papel que elas t\u00eam no desenvolvimento da sociedade. No dia 12 a Pra\u00e7a S\u00e3o Vicente abrigar\u00e1 o \u201cEspa\u00e7o Mulher\u201d, ocasi\u00e3o em que ser\u00e3o ofertados \u00e0 popula\u00e7\u00e3o, principalmente feminina, os servi\u00e7os de manicure, maquiagem, massagem e corte de cabelo, entre outros. Tamb\u00e9m haver\u00e1 um Jogo da Sele\u00e7\u00e3o Feminina de Futebol do Munic\u00edpio contra o Time de Veteranos. <\/font><font size=\"3\" face=\"Arial\">O jogo ser\u00e1 a partir das h19:30, na Quadra de Poliesportiva do Col\u00e9gio S\u00e3o Vicente. A entrada \u00e9 franqueada ao p\u00fablico.<\/font> <a href=\"http:\/\/www.saloanoticias.com\/images\/dia-da-mulher-em-salo---logo.png\"><img loading=\"lazy\" decoding=\"async\" title=\"DIA DA MULHER EM SALO&Aacute; - logo\" style=\"border-left-width: 0px; border-right-width: 0px; background-image: none; border-bottom-width: 0px; float: none; padding-top: 0px; padding-left: 0px; margin: 10px auto; display: block; padding-right: 0px; border-top-width: 0px\" border=\"0\" alt=\"DIA DA MULHER EM SALO&Aacute; - logo\" src=\"http:\/\/www.saloanoticias.com\/v1\/wp-content\/uploads\/imagens\/dia-da-mulher-em-salo---logo_thumb.png\" width=\"554\" height=\"155\"><\/a> <\/p>\n<p align=\"center\"><font size=\"3\" face=\"Arial Black\">Programa\u00e7\u00e3o da Semana da Mulher Salo\u00e1<\/font>  <\/p>\n<p align=\"center\"><font size=\"3\" face=\"Arial\">Lan\u00e7amento da Campanha Viol\u00eancia contra a Mulher \u00e9 Jogo Sujo<\/font>  <\/p>\n<p align=\"center\"><font size=\"3\" face=\"Arial Black\">Dia 09 de Mar\u00e7o &#8211; Hor\u00e1rio: 15:30<\/font>  <\/p>\n<p align=\"center\"><font size=\"3\" face=\"Arial\">Local: Campo de Futebol Municipal de Salo\u00e1<\/font>  <\/p>\n<p align=\"center\"><font size=\"3\" face=\"Arial\">Uni\u00e3o Futebol Clube X 7 de Setembro &#8211; Garanhuns<\/font>  <\/p>\n<p align=\"center\"><font size=\"3\" face=\"Arial\">Ciclo de Palestras<\/font>  <\/p>\n<p align=\"center\"><font size=\"3\" face=\"Arial Black\">Dia 10 de Mar\u00e7o &#8211; Hor\u00e1rio: 09:00<\/font>  <\/p>\n<p align=\"center\"><font size=\"3\" face=\"Arial\">Escola Refer\u00eancia Monsenhor Jo\u00e3o Marques<\/font>  <\/p>\n<p align=\"center\"><font size=\"3\" face=\"Arial\">Local: No audit\u00f3rio da referida escola<\/font>  <\/p>\n<p align=\"center\"><font size=\"3\" face=\"Arial\">Palestrante: Dra. Andreza Souza<\/font>  <\/p>\n<p align=\"center\"><font size=\"3\" face=\"Arial\">Publico alvo: Alunos da Rede Estadual de Ensino<\/font>  <\/p>\n<p align=\"center\"><font size=\"3\" face=\"Arial Black\">Dia 10 de Mar\u00e7o \u2013 Hor\u00e1rio: 14:00<\/font>  <\/p>\n<p align=\"center\"><font size=\"3\" face=\"Arial\">Comunidade Quilombola Serra de S\u00e3o Pedro<\/font>  <\/p>\n<p align=\"center\"><font size=\"3\" face=\"Arial\">Local: Escola S\u00e3o Luiz<\/font>  <\/p>\n<p align=\"center\"><font size=\"3\" face=\"Arial\">Palestrante: Andreza Souza<\/font>  <\/p>\n<p align=\"center\"><font size=\"3\" face=\"Arial\">Publico Alvo: Comunidade Local<\/font>  <\/p>\n<p align=\"center\"><font size=\"3\" face=\"Arial Black\">Dia 11 de mar\u00e7o &#8211; Hor\u00e1rio: 14:00<\/font>  <\/p>\n<p align=\"center\"><font size=\"3\" face=\"Arial\">Almoxarifado da Prefeitura Municipal de Salo\u00e1<\/font>  <\/p>\n<p align=\"center\"><font size=\"3\" face=\"Arial\">Palestrante: Dra. Claudomira Andrade e Dra. Selma Mello<\/font>  <\/p>\n<p align=\"center\"><font size=\"3\" face=\"Arial\">P\u00fablico Alvo: Trabalhadores das secret\u00e1rias de obras, infra-estrutura e transportes do Munic\u00edpio<\/font>  <\/p>\n<p align=\"center\"><font size=\"3\" face=\"Arial Black\">Dia 12 de mar\u00e7o de 14 \u2013 H 08:00<\/font>  <\/p>\n<p align=\"center\"><font size=\"3\" face=\"Arial\">Espa\u00e7o Mulher<\/font>  <\/p>\n<p align=\"center\"><font size=\"3\" face=\"Arial\">Local: Pra\u00e7a S\u00e3o Vicente<\/font>  <\/p>\n<p align=\"center\"><font size=\"3\" face=\"Arial\">A\u00e7\u00f5es: Corte de Cabelo, Manicure, Maquiagem, Massagem, Aferi\u00e7\u00e3o de Press\u00e3o Arterial, Teste de Glicemia, Atendimento do Cadastro \u00danico \/ Bolsa <\/font> <\/p>\n<p align=\"center\"><font size=\"3\" face=\"Arial\">Fam\u00edlia. Tamb\u00e9m haver\u00e1 oficinas de pintura em tecido; Decoupagem e m\u00fasica ao vivo<\/font>  <\/p>\n<p align=\"center\"><font size=\"3\" face=\"Arial Black\">Dia 12 de Mar\u00e7o \u2013 Hor\u00e1rio: 19:30<\/font>  <\/p>\n<p align=\"center\"><font size=\"3\" face=\"Arial\">Campanha Viol\u00eancia Contra a Mulher \u00e9 Jogo Sujo<\/font>  <\/p>\n<p align=\"center\"><font size=\"3\" face=\"Arial\">Jogo da Sele\u00e7\u00e3o Feminina de Futebol do Munic\u00edpio de Salo\u00e1 X Time de Veteranos<\/font>  <\/p>\n<p align=\"center\"><font size=\"3\" face=\"Arial\">Local: Quadra de Esportes do Col\u00e9gio S\u00e3o Vicente<\/font>  <\/p>\n<p align=\"center\"><font size=\"3\" face=\"Arial\">Entrada Franca<\/font><\/p>\n<div style=\"margin-top: 0px; margin-bottom: 0px;\" class=\"sharethis-inline-share-buttons\" ><\/div>","protected":false},"excerpt":{"rendered":"<p>A Secretaria de Assist\u00eancia Social de Salo\u00e1, atrav\u00e9s da Coordenadoria da Mulher, realiza a \u201cSemana da Mulher\u201d. Para marca este m\u00eas que tem o dia 8 como Internacional da mulher, a Coordenadoria formatou uma programa\u00e7\u00e3o que segue de 09 a 12 de mar\u00e7o, e contempla v\u00e1rias atividades associativas al\u00e9m de palestras nas escolas. No domingo [&hellip;]<\/p>\n","protected":false},"author":1,"featured_media":0,"comment_status":"open","ping_status":"open","sticky":false,"template":"","format":"standard","meta":{"footnotes":""},"categories":[2],"tags":[],"class_list":["post-711","post","type-post","status-publish","format-standard","hentry","category-noticias-do-dia"],"_links":{"self":[{"href":"https:\/\/www.saloanoticias.com\/v1\/wp-json\/wp\/v2\/posts\/711","targetHints":{"allow":["GET"]}}],"collection":[{"href":"https:\/\/www.saloanoticias.com\/v1\/wp-json\/wp\/v2\/posts"}],"about":[{"href":"https:\/\/www.saloanoticias.com\/v1\/wp-json\/wp\/v2\/types\/post"}],"author":[{"embeddable":true,"href":"https:\/\/www.saloanoticias.com\/v1\/wp-json\/wp\/v2\/users\/1"}],"replies":[{"embeddable":true,"href":"https:\/\/www.saloanoticias.com\/v1\/wp-json\/wp\/v2\/comments?post=711"}],"version-history":[{"count":0,"href":"https:\/\/www.saloanoticias.com\/v1\/wp-json\/wp\/v2\/posts\/711\/revisions"}],"wp:attachment":[{"href":"https:\/\/www.saloanoticias.com\/v1\/wp-json\/wp\/v2\/media?parent=711"}],"wp:term":[{"taxonomy":"category","embeddable":true,"href":"https:\/\/www.saloanoticias.com\/v1\/wp-json\/wp\/v2\/categories?post=711"},{"taxonomy":"post_tag","embeddable":true,"href":"https:\/\/www.saloanoticias.com\/v1\/wp-json\/wp\/v2\/tags?post=711"}],"curies":[{"name":"wp","href":"https:\/\/api.w.org\/{rel}","templated":true}]}}