{"id":710,"date":"2014-03-06T17:00:00","date_gmt":"2014-03-06T17:00:00","guid":{"rendered":"https:\/\/saloanoticias.mrmediaweb.com\/v1\/2014\/03\/06\/armando-monteiro-lamenta-morte-de-sergio-guerra\/"},"modified":"2014-03-06T17:00:00","modified_gmt":"2014-03-06T17:00:00","slug":"armando-monteiro-lamenta-morte-de-sergio-guerra","status":"publish","type":"post","link":"https:\/\/www.saloanoticias.com\/v1\/armando-monteiro-lamenta-morte-de-sergio-guerra\/","title":{"rendered":"ARMANDO MONTEIRO LAMENTA MORTE DE S\u00c9RGIO GUERRA"},"content":{"rendered":"<p align=\"justify\"><font size=\"3\" face=\"Arial\"><a href=\"http:\/\/www.saloanoticias.com\/images\/armando_monteiro_neto_24-094_d87f7131b186d6c6814588af0790c4fc.jpg\"><img loading=\"lazy\" decoding=\"async\" title=\"armando_monteiro_neto_24-094\" style=\"border-top: 0px; border-right: 0px; background-image: none; border-bottom: 0px; float: left; padding-top: 0px; padding-left: 0px; margin: 5px 5px 0px 0px; border-left: 0px; display: inline; padding-right: 0px\" border=\"0\" alt=\"armando_monteiro_neto_24-094\" align=\"left\" src=\"http:\/\/www.saloanoticias.com\/v1\/wp-content\/uploads\/imagens\/armando_monteiro_neto_24-094_thumb_5f8b4467c2648fad63449a780b181b0b.jpg\" width=\"209\" height=\"192\"><\/a>Pernambuco perde um pol\u00edtico de dimens\u00e3o nacional. S\u00e9rgio Guerra sempre revelou atributos de lideran\u00e7a e grande capacidade de articula\u00e7\u00e3o. Quero neste momento apresentar a toda a sua fam\u00edlia a express\u00e3o de meu pesar e solidariedade. (<\/font><font size=\"3\" face=\"Arial\">Armando Monteiro PTB&nbsp; &#8211;&nbsp; Senador de Pernambuco ). Fonte&nbsp; &#8211;&nbsp; Assessoria de Comunica\u00e7\u00e3o do Senador.<\/font><\/p>\n<p align=\"justify\"><font size=\"3\" face=\"Arial\"><\/font>&nbsp;<\/p>\n<p align=\"justify\"><font size=\"3\" face=\"Arial\"><\/font>&nbsp;<\/p>\n<p align=\"justify\"><font size=\"3\" face=\"Arial\"><\/font><\/p>\n<div style=\"margin-top: 0px; margin-bottom: 0px;\" class=\"sharethis-inline-share-buttons\" ><\/div>","protected":false},"excerpt":{"rendered":"<p>Pernambuco perde um pol\u00edtico de dimens\u00e3o nacional. S\u00e9rgio Guerra sempre revelou atributos de lideran\u00e7a e grande capacidade de articula\u00e7\u00e3o. Quero neste momento apresentar a toda a sua fam\u00edlia a express\u00e3o de meu pesar e solidariedade. (Armando Monteiro PTB&nbsp; &#8211;&nbsp; Senador de Pernambuco ). Fonte&nbsp; &#8211;&nbsp; Assessoria de Comunica\u00e7\u00e3o do Senador. &nbsp; &nbsp;<\/p>\n","protected":false},"author":1,"featured_media":0,"comment_status":"open","ping_status":"open","sticky":false,"template":"","format":"standard","meta":{"footnotes":""},"categories":[2],"tags":[],"class_list":["post-710","post","type-post","status-publish","format-standard","hentry","category-noticias-do-dia"],"_links":{"self":[{"href":"https:\/\/www.saloanoticias.com\/v1\/wp-json\/wp\/v2\/posts\/710","targetHints":{"allow":["GET"]}}],"collection":[{"href":"https:\/\/www.saloanoticias.com\/v1\/wp-json\/wp\/v2\/posts"}],"about":[{"href":"https:\/\/www.saloanoticias.com\/v1\/wp-json\/wp\/v2\/types\/post"}],"author":[{"embeddable":true,"href":"https:\/\/www.saloanoticias.com\/v1\/wp-json\/wp\/v2\/users\/1"}],"replies":[{"embeddable":true,"href":"https:\/\/www.saloanoticias.com\/v1\/wp-json\/wp\/v2\/comments?post=710"}],"version-history":[{"count":0,"href":"https:\/\/www.saloanoticias.com\/v1\/wp-json\/wp\/v2\/posts\/710\/revisions"}],"wp:attachment":[{"href":"https:\/\/www.saloanoticias.com\/v1\/wp-json\/wp\/v2\/media?parent=710"}],"wp:term":[{"taxonomy":"category","embeddable":true,"href":"https:\/\/www.saloanoticias.com\/v1\/wp-json\/wp\/v2\/categories?post=710"},{"taxonomy":"post_tag","embeddable":true,"href":"https:\/\/www.saloanoticias.com\/v1\/wp-json\/wp\/v2\/tags?post=710"}],"curies":[{"name":"wp","href":"https:\/\/api.w.org\/{rel}","templated":true}]}}