{"id":709,"date":"2014-03-06T13:07:54","date_gmt":"2014-03-06T13:07:54","guid":{"rendered":"https:\/\/saloanoticias.mrmediaweb.com\/v1\/2014\/03\/06\/morre-o-deputado-federal-sergio-guerra\/"},"modified":"2014-03-06T13:07:54","modified_gmt":"2014-03-06T13:07:54","slug":"morre-o-deputado-federal-sergio-guerra","status":"publish","type":"post","link":"https:\/\/www.saloanoticias.com\/v1\/morre-o-deputado-federal-sergio-guerra\/","title":{"rendered":"MORRE O DEPUTADO S\u00c9RGIO GUERRA"},"content":{"rendered":"<p align=\"justify\"><font size=\"3\" face=\"Arial\"><a href=\"http:\/\/www.saloanoticias.com\/images\/sergio-guerra.jpg\"><img loading=\"lazy\" decoding=\"async\" title=\"sergio-guerra\" style=\"border-top: 0px; border-right: 0px; background-image: none; border-bottom: 0px; float: left; padding-top: 0px; padding-left: 0px; margin: 5px 5px 0px 0px; border-left: 0px; display: inline; padding-right: 0px\" border=\"0\" alt=\"sergio-guerra\" align=\"left\" src=\"http:\/\/www.saloanoticias.com\/v1\/wp-content\/uploads\/imagens\/sergio-guerra_thumb.jpg\" width=\"274\" height=\"183\"><\/a>Faleceu h\u00e1 pouco, em decorr\u00eancia de complica\u00e7\u00f5es provocadas por um c\u00e2ncer nos pulm\u00f5es, no Hospital S\u00edrio-Liban\u00eas, em S\u00e3o Paulo, o deputado federal S\u00e9rgio Guerra (PSDB), 66. O tucano estava internado h\u00e1 mais de vinte dias na capital paulista. O vel\u00f3rio deve ser realizado na Assembleia Legislativa de Pernambuco (Alepe). <\/font><font size=\"3\" face=\"Arial\">S\u00e9rgio Guerra filiou-se ao PMDB em 1981 e no ano seguinte foi eleito deputado estadual. Em 1986, j\u00e1 pelo PDT, foi reeleito ao cargo.<\/font> <\/p>\n<p align=\"justify\"><font size=\"3\" face=\"Arial\">Em 1989, filiou-se ao PSB e ocupou os cargos de secret\u00e1rio estadual de Ind\u00fastria, Com\u00e9rcio e Turismo e de Ci\u00eancia e Tecnologia no governo Miguel Arraes. Obteve pelas urnas o cargo de deputado federal em 1990, reelegendo-se em 1994 e 1998. <\/font><font size=\"3\" face=\"Arial\">Assumiu novamente a secretaria de Ind\u00fastria e Com\u00e9rcio entre 1997 e 1998, no \u00faltimo mandato de Miguel Arraes. Em 1999, deixou o PSB e filiou-se ao PSDB, onde se mant\u00e9m desde ent\u00e3o. Participou do primeiro governo Jarbas Vasconcelos em Pernambuco, ocupando a Secretaria Extraordin\u00e1ria.<\/font> <\/p>\n<p align=\"justify\"><font size=\"3\" face=\"Arial\">Guerra disputou em 2002 o cargo de senador pelo PSDB de Pernambuco. Foi o 2\u00b0 colocado naquela disputa, eleito com 1.675.779 votos (26,9% dos v\u00e1lidos) \u2013 eleito juntamente com Marco Maciel (PFL), o 1\u00b0 colocado. Nas elei\u00e7\u00f5es de 2006, foi o coordenador nacional da campanha presidencial de Geraldo Alckmin. <\/font><font size=\"3\" face=\"Arial\">Em 2010, foi o sexto candidato a deputado federal mais votado em Pernambuco. Elegeu-se com 167.117 votos (3,79% dos v\u00e1lidos).<\/font> <\/p>\n<p align=\"justify\"><font size=\"3\" face=\"Arial\">Em 23 de novembro de 2007, S\u00e9rgio foi eleito presidente do PSDB substituindo Tasso Jereissati, cargo que ocupa desde ent\u00e3o. Defende que o partido deve utilizar o legado de Fernando Henrique Cardoso em sua atua\u00e7\u00e3o pol\u00edtica. <\/font><font size=\"3\" face=\"Arial\">\u00c0 frente da sigla, coordenou as duas \u00faltimas campanhas presidenciais tucanas \u2013 com Geraldo Alckmin, em 2006, e Jos\u00e9 Serra, em 2010. No ano de 2012, Guerra implementou um processo de reestrutura\u00e7\u00e3o do partido, que se inicia por mudan\u00e7as na comunica\u00e7\u00e3o.<\/font> <\/p>\n<p align=\"justify\"><font size=\"3\" face=\"Arial\">O PSDB passou a investir mais no uso das redes sociais, como Facebook e Twitter, e tamb\u00e9m incrementou o di\u00e1logo com diferentes setores da sociedade, como as mulheres, os jovens e os sindicalistas. <\/font><font size=\"3\" face=\"Arial\">Outra modifica\u00e7\u00e3o idealizada por S\u00e9rgio na presid\u00eancia do PSDB \u00e9 a ado\u00e7\u00e3o de elei\u00e7\u00f5es pr\u00e9vias para a escolha de candidatos majorit\u00e1rios, quando 2 ou mais membros colocarem-se \u00e0 disposi\u00e7\u00e3o para o cargo. A medida deve ser posta em pr\u00e1tica em 2014, quando o partido definir\u00e1 seu candidato \u00e0 sucess\u00e3o da presidente Dilma Rousseff.<\/font> <\/p>\n<p align=\"justify\"><font size=\"3\" face=\"Arial\"><font face=\"Arial Black\">ANDR\u00c9 DE PAULA ASSUME VAGA DE GUERRA<\/font>&nbsp; &#8211;&nbsp; Com a morte de S\u00e9rgio Guerra, quem assume a sua vaga na C\u00e2mara dos Deputados \u00e9 o ex-deputado Andr\u00e9 de Paula, primeiro suplente da coliga\u00e7\u00e3o e hoje presidente estadual do PSD.<\/font> <\/p>\n<p align=\"justify\"><font size=\"3\" face=\"Arial Black\">Fonte&nbsp; &#8211;&nbsp; Blog do Magno Martins<\/font><\/p>\n<div style=\"margin-top: 0px; margin-bottom: 0px;\" class=\"sharethis-inline-share-buttons\" ><\/div>","protected":false},"excerpt":{"rendered":"<p>Faleceu h\u00e1 pouco, em decorr\u00eancia de complica\u00e7\u00f5es provocadas por um c\u00e2ncer nos pulm\u00f5es, no Hospital S\u00edrio-Liban\u00eas, em S\u00e3o Paulo, o deputado federal S\u00e9rgio Guerra (PSDB), 66. O tucano estava internado h\u00e1 mais de vinte dias na capital paulista. O vel\u00f3rio deve ser realizado na Assembleia Legislativa de Pernambuco (Alepe). S\u00e9rgio Guerra filiou-se ao PMDB em [&hellip;]<\/p>\n","protected":false},"author":1,"featured_media":0,"comment_status":"open","ping_status":"open","sticky":false,"template":"","format":"standard","meta":{"footnotes":""},"categories":[2],"tags":[],"class_list":["post-709","post","type-post","status-publish","format-standard","hentry","category-noticias-do-dia"],"_links":{"self":[{"href":"https:\/\/www.saloanoticias.com\/v1\/wp-json\/wp\/v2\/posts\/709","targetHints":{"allow":["GET"]}}],"collection":[{"href":"https:\/\/www.saloanoticias.com\/v1\/wp-json\/wp\/v2\/posts"}],"about":[{"href":"https:\/\/www.saloanoticias.com\/v1\/wp-json\/wp\/v2\/types\/post"}],"author":[{"embeddable":true,"href":"https:\/\/www.saloanoticias.com\/v1\/wp-json\/wp\/v2\/users\/1"}],"replies":[{"embeddable":true,"href":"https:\/\/www.saloanoticias.com\/v1\/wp-json\/wp\/v2\/comments?post=709"}],"version-history":[{"count":0,"href":"https:\/\/www.saloanoticias.com\/v1\/wp-json\/wp\/v2\/posts\/709\/revisions"}],"wp:attachment":[{"href":"https:\/\/www.saloanoticias.com\/v1\/wp-json\/wp\/v2\/media?parent=709"}],"wp:term":[{"taxonomy":"category","embeddable":true,"href":"https:\/\/www.saloanoticias.com\/v1\/wp-json\/wp\/v2\/categories?post=709"},{"taxonomy":"post_tag","embeddable":true,"href":"https:\/\/www.saloanoticias.com\/v1\/wp-json\/wp\/v2\/tags?post=709"}],"curies":[{"name":"wp","href":"https:\/\/api.w.org\/{rel}","templated":true}]}}