{"id":707,"date":"2014-03-05T20:00:00","date_gmt":"2014-03-05T20:00:00","guid":{"rendered":"https:\/\/saloanoticias.mrmediaweb.com\/v1\/2014\/03\/05\/papa-fala-palavrao-durante-sermao-dominical\/"},"modified":"2014-03-05T20:00:00","modified_gmt":"2014-03-05T20:00:00","slug":"papa-fala-palavrao-durante-sermao-dominical","status":"publish","type":"post","link":"https:\/\/www.saloanoticias.com\/v1\/papa-fala-palavrao-durante-sermao-dominical\/","title":{"rendered":"PAPA FALA PALAVR\u00c3O DURANTE SERM\u00c3O DOMINICAL NO VATICANO"},"content":{"rendered":"<p align=\"justify\"><font size=\"3\" face=\"Arial\"><a href=\"http:\/\/www.saloanoticias.com\/images\/papa_067456ff59a2afe8494332621d067219.jpg\"><img loading=\"lazy\" decoding=\"async\" title=\"Papa\" style=\"border-left-width: 0px; border-right-width: 0px; background-image: none; border-bottom-width: 0px; float: left; padding-top: 0px; padding-left: 0px; margin: 5px 5px 0px 0px; display: inline; padding-right: 0px; border-top-width: 0px\" border=\"0\" alt=\"Papa\" align=\"left\" src=\"http:\/\/www.saloanoticias.com\/v1\/wp-content\/uploads\/imagens\/papa_thumb_7a3b8755097f9f60c5e1b76347574f50.jpg\" width=\"256\" height=\"209\"><\/a>Nem o dom da infalibilidade, que, acredita-se, \u00e9 concedido por Deus aos pont\u00edfices, salvou o papa Francisco quando dava a sua b\u00ean\u00e7\u00e3o semanal no domingo (2) na pra\u00e7a S\u00e3o Pedro, no Vaticano. O papa argentino se confundiu com a l\u00edngua italiana e acabou falando um palavr\u00e3o sem querer, para espanto geral da multid\u00e3o que ouvia as suas palavras.<\/font>&nbsp;<font size=\"3\" face=\"Arial\">Francisco fazia um serm\u00e3o em que pedia uma solu\u00e7\u00e3o pac\u00edfica para a crise na Ucr\u00e2nia.<\/font><\/p>\n<p align=\"justify\"><font size=\"3\" face=\"Arial\">Em vez de dizer &#8220;neste caso&#8221;, o papa leu &#8220;neste &#8216;cazzo'&#8221;, que, em italiano, \u00e9 uma g\u00edria popular para se referir ao \u00f3rg\u00e3o sexual masculino e \u00e9 usada com bastante frequ\u00eancia na It\u00e1lia. <\/font><font size=\"3\" face=\"Arial\">Embora ele tenha se corrigido instantes depois, a gafe foi parar em dezenas de sites ao redor do mundo.<\/font> <\/p>\n<p align=\"justify\"><font size=\"3\" face=\"Arial\">Da janela de seu aposento papal no Pal\u00e1cio Apost\u00f3lico, Francisco dizia que era seu desejo &#8220;que todos os cidad\u00e3os do pa\u00eds se esfor\u00e7assem para superar mal-entendidos e construir juntos o futuro da na\u00e7\u00e3o&#8221;. <\/font><font size=\"3\" face=\"Arial\">Ele fez um apelo \u00e0 comunidade internacional para apoiar iniciativas em nome do di\u00e1logo e acrescentou: &#8220;Um cora\u00e7\u00e3o cheio de vontade de posse \u00e9 um cora\u00e7\u00e3o vazio de Deus.<\/font>  <\/p>\n<p align=\"justify\"><font size=\"3\" face=\"Arial\">Para isso, Jesus muitas vezes castigou os ricos porque o risco para eles procurarem seguran\u00e7a na riqueza deste mundo \u00e9 alto. Neste &#8216;cazzo&#8217;, neste caso, a provid\u00eancia de Deus torna-se vis\u00edvel como gesto de solidariedade&#8221;. <\/font><font size=\"3\" face=\"Arial\">Apesar do palavr\u00e3o acidental, parece ter sido um serm\u00e3o aben\u00e7oado.<\/font>  <\/p>\n<p align=\"justify\"><font size=\"3\" face=\"Arial Black\">Fonte&nbsp; &#8211;&nbsp; Blog do Uol<\/font><\/p>\n<div style=\"margin-top: 0px; margin-bottom: 0px;\" class=\"sharethis-inline-share-buttons\" ><\/div>","protected":false},"excerpt":{"rendered":"<p>Nem o dom da infalibilidade, que, acredita-se, \u00e9 concedido por Deus aos pont\u00edfices, salvou o papa Francisco quando dava a sua b\u00ean\u00e7\u00e3o semanal no domingo (2) na pra\u00e7a S\u00e3o Pedro, no Vaticano. O papa argentino se confundiu com a l\u00edngua italiana e acabou falando um palavr\u00e3o sem querer, para espanto geral da multid\u00e3o que ouvia [&hellip;]<\/p>\n","protected":false},"author":1,"featured_media":0,"comment_status":"open","ping_status":"open","sticky":false,"template":"","format":"standard","meta":{"footnotes":""},"categories":[2],"tags":[],"class_list":["post-707","post","type-post","status-publish","format-standard","hentry","category-noticias-do-dia"],"_links":{"self":[{"href":"https:\/\/www.saloanoticias.com\/v1\/wp-json\/wp\/v2\/posts\/707","targetHints":{"allow":["GET"]}}],"collection":[{"href":"https:\/\/www.saloanoticias.com\/v1\/wp-json\/wp\/v2\/posts"}],"about":[{"href":"https:\/\/www.saloanoticias.com\/v1\/wp-json\/wp\/v2\/types\/post"}],"author":[{"embeddable":true,"href":"https:\/\/www.saloanoticias.com\/v1\/wp-json\/wp\/v2\/users\/1"}],"replies":[{"embeddable":true,"href":"https:\/\/www.saloanoticias.com\/v1\/wp-json\/wp\/v2\/comments?post=707"}],"version-history":[{"count":0,"href":"https:\/\/www.saloanoticias.com\/v1\/wp-json\/wp\/v2\/posts\/707\/revisions"}],"wp:attachment":[{"href":"https:\/\/www.saloanoticias.com\/v1\/wp-json\/wp\/v2\/media?parent=707"}],"wp:term":[{"taxonomy":"category","embeddable":true,"href":"https:\/\/www.saloanoticias.com\/v1\/wp-json\/wp\/v2\/categories?post=707"},{"taxonomy":"post_tag","embeddable":true,"href":"https:\/\/www.saloanoticias.com\/v1\/wp-json\/wp\/v2\/tags?post=707"}],"curies":[{"name":"wp","href":"https:\/\/api.w.org\/{rel}","templated":true}]}}