{"id":704,"date":"2014-03-04T16:16:00","date_gmt":"2014-03-04T16:16:00","guid":{"rendered":"https:\/\/saloanoticias.mrmediaweb.com\/v1\/2014\/03\/04\/garanhuns-jazz-encerra-com-noite-inesquecivel\/"},"modified":"2014-03-04T16:16:00","modified_gmt":"2014-03-04T16:16:00","slug":"garanhuns-jazz-encerra-com-noite-inesquecivel","status":"publish","type":"post","link":"https:\/\/www.saloanoticias.com\/v1\/garanhuns-jazz-encerra-com-noite-inesquecivel\/","title":{"rendered":"GARANHUNS JAZZ FESTIVAL ENCERRA COM NOITE INESQUEC\u00cdVEL"},"content":{"rendered":"<p align=\"justify\"><font size=\"3\" face=\"Arial\"><a href=\"http:\/\/www.saloanoticias.com\/images\/gus-jazz.jpg\"><img loading=\"lazy\" decoding=\"async\" title=\"Gus Jazz\" style=\"border-top: 0px; border-right: 0px; background-image: none; border-bottom: 0px; float: left; padding-top: 0px; padding-left: 0px; margin: 5px 5px 0px 0px; border-left: 0px; display: inline; padding-right: 0px\" border=\"0\" alt=\"Gus Jazz\" align=\"left\" src=\"http:\/\/www.saloanoticias.com\/v1\/wp-content\/uploads\/imagens\/gus-jazz_thumb.jpg\" width=\"294\" height=\"195\"><\/a>O quarto e \u00faltimo dia do Garanhuns Jazz Festival 2014 promete entrar para a hist\u00f3ria como um dos melhores momentos do festival, deixando o p\u00fablico e os artistas com gostinho de quero mais. A programa\u00e7\u00e3o do evento come\u00e7a \u00e0s 10h30, com as oficinas musicais para os inscritos. Nesta ter\u00e7a-feira (4), \u00e9 a vez do curso de gaita para adultos com Jefferson Gon\u00e7alves e do curso de guitarra, para p\u00fablicos de todas as idades, com Nan\u00e1 Maram. As oficinas acontecem no Parque Ruber Van der Linden, onde est\u00e1 montado o palco Pau Pombo.<\/font> <\/p>\n<p align=\"justify\"><font size=\"3\" face=\"Arial\">A programa\u00e7\u00e3o de shows come\u00e7a \u00e0 tarde. No \u00faltimo dia, o festival apresenta ao p\u00fablico o som de Pedro Black, guitarrista revela\u00e7\u00e3o da cena instrumental de Pernambuco e vencedor do Concurso Cultural de bandas promovido pelo GJF. Ele se apresenta, a partir das 15h, no palco Pau Pombo, ao lado do trompetista de jazz nova-iorquino Mark Rapp. Jam sessions animam o p\u00fablico ap\u00f3s o show.<\/font> <\/p>\n<p align=\"justify\"><font size=\"3\" face=\"Arial\">J\u00e1 no palco Ronildo Maia Leite, na Pra\u00e7a Cultural Mestre Dominguinhos, o festival ser\u00e1 encerrado pelo duo Salimanga, formado pelo guitarrista BC e pelo saxofonista Paulo Rog\u00e9rio, m\u00fasicos que tamb\u00e9m integram a banda \u201cM\u00f3veis Colonais de Acaju\u201d e que mesclam ritmos brasileiros, como samba, choro e bai\u00e3o, com cad\u00eancias latinas e com o jazz. Eles convidam o m\u00fasico Beto do Bandolim para, juntos, executarem cl\u00e1ssicos do chorinho nacional e frevos tradicionais de Pernambuco. O show contar\u00e1 com a ilustre participa\u00e7\u00e3o&nbsp; do&nbsp; Maestro Israel de Fran\u00e7a, que \u00e9 o Primeiro Violinista da Orquestra da Cidade de Granada, Espanha. Para completar o time, Herick Faustino, mestre de percuss\u00e3o do Projeto Batuque de Garanhuns.<\/font> <\/p>\n<p align=\"justify\"><font size=\"3\" face=\"Arial\">Em seguida, Mud Morganfield<b>, <\/b>filho de Muddy Waters, Rei do Blues, mostra ao p\u00fablico como se faz o verdadeiro blues tradicional de Chicago. Morganfield \u00e9 considerado atualmente como um dos mais ilustres cantores de blues do mundo e ainda integra, entre outros projetos, o cast do musical da Broadway \u201cGhost of the Blues\u201d. Ele vem ao festival fazer uma homenagem ao pai, acompanhado pelos velhos companheiros da Uptown e por Marcelo Naves, sem falar na participa\u00e7\u00e3o especial\u00edssima de um dos principais guitarristas de blues de Pernambuco, o garanhuense Claudio Lins.<\/font> <\/p>\n<p align=\"justify\"><font size=\"3\" face=\"Arial\">E os amantes do som eletrizantes das guitarras podem comemorar. Nesta mesma noite ainda acontece o Guitar Night, um dos principais shows do festival que re\u00fane grandes guitarristas de v\u00e1rios g\u00eaneros e lugares. Este ano o show conta com a participa\u00e7\u00e3o de Edu Ardanuy, um conceituado&nbsp; guitarrista paulista e membro da banda Doctor SIN; Joanatan Richards, atuante guitarrista de blues de Caruaru; o norte-americano Greg Wilson, que \u00e9&nbsp; cantor e guitarrista da banda Blues Et\u00edlicos; Ot\u00e1vio Rocha, que tamb\u00e9m atua como guitarrista no Blues Et\u00edlicos e \u00e9 um dos maiores mestres do \u201cslide guitar\u201d; Fred Andrade, um dos mais destacados representantes da m\u00fasica instrumental de Pernambuco; Artur Menezes, que \u00e9 considerado o principal&nbsp; guitarrista de blues do Cear\u00e1, apesar de atualmente estar radicado em S\u00e3o Paulo; Igor Albuquerque, jovem revela\u00e7\u00e3o da guitarra jazz fusion de Garanhuns; e Karl Dixon, que&nbsp; vem diretamente de New York para participar do festival como convidado de honra. O cantor \u00e9 membro do renomado grupo&nbsp; gospel \u201cHarlem Jubilees Singers\u201d. Thomaz Lera e Daniel Diniz, guitarristas membros da Uptown Band, tamb\u00e9m participam do show das guitarras. Pedro Black, o vencedor do Concurso Cultural de bandas do GJF, volta a fazer uma performance especial na \u00faltima noite do evento.<\/font> <\/p>\n<p align=\"justify\"><font size=\"3\" face=\"Arial\">E para encerrar o festival com um show inesquec\u00edvel, o GJF traz ao palco o cantor George Israel, que \u00e9 membro do Kid Abelha e um dos principais representantes do rock nacional. Ele convoca o seu filho, Leo Israel, para junto com o guitarrista Victor Biglione realizar um show em homenagem ao rock nacional, com influ\u00eancias do jazz, fusion e blues.<\/font> <\/p>\n<p align=\"justify\"><font size=\"3\" face=\"Arial\">Para saber mais sobre o festival, acesse :<\/font><a href=\"http:\/\/www.garanhunsjazz.com.br\/edicao2014\/\"><font size=\"3\" face=\"Arial\">http:\/\/www.garanhunsjazz.com.br\/edicao2014\/<\/font><\/a><\/p>\n<div style=\"margin-top: 0px; margin-bottom: 0px;\" class=\"sharethis-inline-share-buttons\" ><\/div>","protected":false},"excerpt":{"rendered":"<p>O quarto e \u00faltimo dia do Garanhuns Jazz Festival 2014 promete entrar para a hist\u00f3ria como um dos melhores momentos do festival, deixando o p\u00fablico e os artistas com gostinho de quero mais. A programa\u00e7\u00e3o do evento come\u00e7a \u00e0s 10h30, com as oficinas musicais para os inscritos. Nesta ter\u00e7a-feira (4), \u00e9 a vez do curso [&hellip;]<\/p>\n","protected":false},"author":1,"featured_media":0,"comment_status":"open","ping_status":"open","sticky":false,"template":"","format":"standard","meta":{"footnotes":""},"categories":[2],"tags":[],"class_list":["post-704","post","type-post","status-publish","format-standard","hentry","category-noticias-do-dia"],"_links":{"self":[{"href":"https:\/\/www.saloanoticias.com\/v1\/wp-json\/wp\/v2\/posts\/704","targetHints":{"allow":["GET"]}}],"collection":[{"href":"https:\/\/www.saloanoticias.com\/v1\/wp-json\/wp\/v2\/posts"}],"about":[{"href":"https:\/\/www.saloanoticias.com\/v1\/wp-json\/wp\/v2\/types\/post"}],"author":[{"embeddable":true,"href":"https:\/\/www.saloanoticias.com\/v1\/wp-json\/wp\/v2\/users\/1"}],"replies":[{"embeddable":true,"href":"https:\/\/www.saloanoticias.com\/v1\/wp-json\/wp\/v2\/comments?post=704"}],"version-history":[{"count":0,"href":"https:\/\/www.saloanoticias.com\/v1\/wp-json\/wp\/v2\/posts\/704\/revisions"}],"wp:attachment":[{"href":"https:\/\/www.saloanoticias.com\/v1\/wp-json\/wp\/v2\/media?parent=704"}],"wp:term":[{"taxonomy":"category","embeddable":true,"href":"https:\/\/www.saloanoticias.com\/v1\/wp-json\/wp\/v2\/categories?post=704"},{"taxonomy":"post_tag","embeddable":true,"href":"https:\/\/www.saloanoticias.com\/v1\/wp-json\/wp\/v2\/tags?post=704"}],"curies":[{"name":"wp","href":"https:\/\/api.w.org\/{rel}","templated":true}]}}