{"id":702,"date":"2014-03-03T13:42:59","date_gmt":"2014-03-03T13:42:59","guid":{"rendered":"https:\/\/saloanoticias.mrmediaweb.com\/v1\/2014\/03\/03\/saloaenses-ganham-premio-e-vao-para-a-antartiada\/"},"modified":"2014-03-03T13:42:59","modified_gmt":"2014-03-03T13:42:59","slug":"saloaenses-ganham-premio-e-vao-para-a-antartiada","status":"publish","type":"post","link":"https:\/\/www.saloanoticias.com\/v1\/saloaenses-ganham-premio-e-vao-para-a-antartiada\/","title":{"rendered":"SALOAENSES GANHAM PR\u00caMIO E V\u00c3O PARA O P\u00d3LO SUL &#8211; CONFIRA O V\u00cdDEO"},"content":{"rendered":"<p align=\"justify\"><font size=\"3\" face=\"Arial\"><a href=\"http:\/\/www.saloanoticias.com\/images\/100_4026_a673e907208fd8349db92886117aab1b.jpg\"><img loading=\"lazy\" decoding=\"async\" title=\"100_4026\" style=\"border-left-width: 0px; border-right-width: 0px; background-image: none; border-bottom-width: 0px; float: none; padding-top: 0px; padding-left: 0px; margin: 0px auto 10px; display: block; padding-right: 0px; border-top-width: 0px\" border=\"0\" alt=\"100_4026\" src=\"http:\/\/www.saloanoticias.com\/v1\/wp-content\/uploads\/imagens\/100_4026_thumb_4acea4d0cdc398b9c64d04925c42d991.jpg\" width=\"534\" height=\"392\"><\/a>O concurso cultural foi realizado pela Marinha do Brasil, por interm\u00e9dio da Secretaria da Comiss\u00e3o Interministerial para os Recursos do Mar (SECIRM), em \u00e2mbito nacional, tendo por p\u00fablico-alvo os jovens alunos do Ensino M\u00e9dio da educa\u00e7\u00e3o b\u00e1sica obrigat\u00f3ria, regularmente matriculados em institui\u00e7\u00f5es de ensino da Rede P\u00fablica ou Particular do Brasil, com o intuito de estimular, reconhecer, divulgar e premiar os alunos que demonstrarem, atrav\u00e9s de v\u00eddeos, a import\u00e2ncia da participa\u00e7\u00e3o do Estado brasileiro no Continente Ant\u00e1rtico com enfoque nos aspectos pol\u00edticos, ambientais, econ\u00f4micos e sociais do pa\u00eds.<\/font><\/p>\n<div id=\"scid:5737277B-5D6D-4f48-ABFC-DD9C333F4C5D:8171b2d3-0a51-44e5-8da6-c8dca72e3bcd\" class=\"wlWriterEditableSmartContent\" style=\"float: none; padding-bottom: 10px; padding-top: 10px; padding-left: 0px; margin: 0px auto; display: block; padding-right: 0px; width: 528px\">\n<div id=\"950e3ff0-320c-4daf-b8fd-c6ab76cf2ec0\" style=\"margin: 0px; padding: 0px; display: inline;\">\n<div><a href=\"http:\/\/www.youtube.com\/watch?v=qwWiXLN1AAU\" target=\"_new\"><img decoding=\"async\" src=\"http:\/\/www.saloanoticias.com\/v1\/wp-content\/uploads\/imagens\/videod36d772c4773_697684e98482430d08e7a0c2ac141633.jpg\" style=\"border-style: none\" galleryimg=\"no\" onload=\"var downlevelDiv = document.getElementById('950e3ff0-320c-4daf-b8fd-c6ab76cf2ec0'); downlevelDiv.innerHTML = &quot;&lt;div&gt;&lt;object width=\\&quot;528\\&quot; height=\\&quot;295\\&quot;&gt;&lt;param name=\\&quot;movie\\&quot; value=\\&quot;http:\/\/www.youtube.com\/v\/qwWiXLN1AAU?hl=en&amp;hd=1\\&quot;&gt;&lt;\\\/param&gt;&lt;embed src=\\&quot;http:\/\/www.youtube.com\/v\/qwWiXLN1AAU?hl=en&amp;hd=1\\&quot; type=\\&quot;application\/x-shockwave-flash\\&quot; width=\\&quot;528\\&quot; height=\\&quot;295\\&quot;&gt;&lt;\\\/embed&gt;&lt;\\\/object&gt;&lt;\\\/div&gt;&quot;;\" alt=\"\"><\/a><\/div>\n<\/div>\n<\/div>\n<p align=\"justify\"><font size=\"3\" face=\"Arial\">O pr\u00eamio era destinado aos alunos da educa\u00e7\u00e3o b\u00e1sica obrigat\u00f3ria, com idade m\u00ednima de 15 e m\u00e1xima de 19 anos, completados durante o ano de 2013, matriculados no Ensino M\u00e9dio da Rede P\u00fablica e Particular do Brasil. <\/font><font size=\"3\" face=\"Arial\">O concurso teve um pouco mais de 200 v\u00eddeos inscritos de todas as regi\u00f5es do pa\u00eds, onde seriam premiados 2 (dois) v\u00eddeos elaborados por alunos matriculados em institui\u00e7\u00e3o de Ensino M\u00e9dio da Rede P\u00fablica e 2 (dois) v\u00eddeos elaborados por alunos matriculados em institui\u00e7\u00e3o de Ensino M\u00e9dio da Rede Particular.<\/font>  <\/p>\n<p align=\"justify\"><font size=\"3\" face=\"Arial\">Os Autores dos 4 (quatro) melhores trabalhos, sendo 2 (dois) alunos de institui\u00e7\u00e3o de Ensino M\u00e9dio da Rede P\u00fablica e 2 (dois) alunos de institui\u00e7\u00e3o de Ensino M\u00e9dio da Rede Particular, far\u00e3o jus a um Diploma de Honra ao M\u00e9rito, bem como ser\u00e3o agraciados com uma viagem para a Ant\u00e1rtica sob a responsabilidade do PROANTAR. Os alunos vencedores ser\u00e3o acompanhados, na viagem \u00e0 Ant\u00e1rtica, pelo professor orientador do projeto.<\/font>  <\/p>\n<p align=\"justify\"><b><font size=\"3\" face=\"Arial Black\">RESUMO DO V\u00cdDEO<\/font><\/b>  <\/p>\n<p align=\"justify\"><b><\/b><font size=\"3\" face=\"Arial\">O v\u00eddeo foi produzido Pelo estudante Valdemir (filho de Demir \u2013 porteiro) em parceria com as alunas do Projovem Urbano de Salo\u00e1 (alunos do EREM Monsenhor Jo\u00e3o Marques) e orientados pelo professor Alvaro Deangelles. O concurso tinha como tema \u201cO BRASIL NA ANT\u00c1RTICA\u201d, da\u00ed optamos pelo t\u00edtulo \u201cO BRASIL NO CONTINENTE BRANCO\u201d <\/font><a href=\"http:\/\/www.youtube.com\/watch?v=qwWiXLN1AAU\"><font size=\"3\" face=\"Arial\">http:\/\/www.youtube.com\/watch?v=qwWiXLN1AAU<\/font><\/a><font size=\"3\" face=\"Arial\"> . A anima\u00e7\u00e3o foi produzida com a t\u00e9cnica de \u201cstop motion\u201d, j\u00e1 utilizada nos outros v\u00eddeos.<\/font>  <\/p>\n<p align=\"justify\"><b><font size=\"3\" face=\"Arial Black\">RESUMO DA VIAGEM<\/font><\/b>  <\/p>\n<p align=\"justify\"><font size=\"3\" face=\"Arial\">A nossa viagem est\u00e1 marcada para o dia 19 de mar\u00e7o. Temos como roteiro alguns dias na cidade do Rio de Janeiro onde vamos fazer cursos de sobreviv\u00eancia no frio, receber informes t\u00e9cnicos sobre a viagem e dois dias de passeios pelos pontos tur\u00edsticos da cidade. Depois seguimos para Pelotas no Rio Grande do Sul e ficamos por l\u00e1 um dia. De pelotas seguimos para Punta Arenas no Chile onde fica uma base de apoio para todos os pa\u00edses da Am\u00e9rica do Sul.<\/font>  <\/p>\n<p align=\"justify\"><font size=\"3\" face=\"Arial\">Depois seguimos em um avi\u00e3o da FAB para a base Chilena na Ant\u00e1rtica e depois de navio at\u00e9 chegarmos \u00e0 base brasileira. A programa\u00e7\u00e3o na ant\u00e1rtica se restringe em conhecer o continente, a base de pesquisa e trocarmos experi\u00eancias com todos os pesquisadores que estiverem por l\u00e1. Na base de pesquisa brasileira tamb\u00e9m ter\u00e1 uma cerim\u00f4nia de premia\u00e7\u00e3o para os vencedores.<\/font>  <\/p>\n<p align=\"justify\"><b><font size=\"3\" face=\"Arial Black\">RESUMO DA DIVULGA\u00c7\u00c3O<\/font><\/b>  <\/p>\n<p align=\"justify\"><font size=\"3\" face=\"Arial\">Na \u00faltima sexta-feira n\u00e3o t\u00ednhamos o resultado do concurso, apenas sab\u00edamos que vinha algu\u00e9m da marinha para fazer entrevistas e que seria mais uma etapa do processo de sele\u00e7\u00e3o. Quando a equipe da marinha chegou, fez a surpresa comunicando ao aluno Valdemir e toda sua fam\u00edlia que ele era um dos vencedores do concurso e que a equipe local da TV Asa Branca estava gravando imagens e realizando entrevistas para serem exibidas no Fant\u00e1stico.<\/font>  <\/p>\n<p align=\"justify\"><font size=\"3\" face=\"Arial\">Tamb\u00e9m informou que a mat\u00e9ria s\u00f3 deve ir ao ar no m\u00eas de abril, j\u00e1 que durante toda a viagem uma equipe do Fant\u00e1stico vai nos acompanhar e consequentemente a edi\u00e7\u00e3o da mat\u00e9ria deve ficar pronta na primeira semana de abril, pois retornamos apenas no dia 31 de mar\u00e7o, disse o professor Deangelles Florentino.<\/font><\/p>\n<p align=\"justify\"><font size=\"3\" face=\"Arial Black\">Obs. Para ouvir o som do v\u00eddeo desligue o plugin da r\u00e1dio web que fica na parte inferior do blog.<\/font><\/p>\n<div style=\"margin-top: 0px; margin-bottom: 0px;\" class=\"sharethis-inline-share-buttons\" ><\/div>","protected":false},"excerpt":{"rendered":"<p>O concurso cultural foi realizado pela Marinha do Brasil, por interm\u00e9dio da Secretaria da Comiss\u00e3o Interministerial para os Recursos do Mar (SECIRM), em \u00e2mbito nacional, tendo por p\u00fablico-alvo os jovens alunos do Ensino M\u00e9dio da educa\u00e7\u00e3o b\u00e1sica obrigat\u00f3ria, regularmente matriculados em institui\u00e7\u00f5es de ensino da Rede P\u00fablica ou Particular do Brasil, com o intuito de [&hellip;]<\/p>\n","protected":false},"author":1,"featured_media":0,"comment_status":"open","ping_status":"open","sticky":false,"template":"","format":"standard","meta":{"footnotes":""},"categories":[2],"tags":[],"class_list":["post-702","post","type-post","status-publish","format-standard","hentry","category-noticias-do-dia"],"_links":{"self":[{"href":"https:\/\/www.saloanoticias.com\/v1\/wp-json\/wp\/v2\/posts\/702","targetHints":{"allow":["GET"]}}],"collection":[{"href":"https:\/\/www.saloanoticias.com\/v1\/wp-json\/wp\/v2\/posts"}],"about":[{"href":"https:\/\/www.saloanoticias.com\/v1\/wp-json\/wp\/v2\/types\/post"}],"author":[{"embeddable":true,"href":"https:\/\/www.saloanoticias.com\/v1\/wp-json\/wp\/v2\/users\/1"}],"replies":[{"embeddable":true,"href":"https:\/\/www.saloanoticias.com\/v1\/wp-json\/wp\/v2\/comments?post=702"}],"version-history":[{"count":0,"href":"https:\/\/www.saloanoticias.com\/v1\/wp-json\/wp\/v2\/posts\/702\/revisions"}],"wp:attachment":[{"href":"https:\/\/www.saloanoticias.com\/v1\/wp-json\/wp\/v2\/media?parent=702"}],"wp:term":[{"taxonomy":"category","embeddable":true,"href":"https:\/\/www.saloanoticias.com\/v1\/wp-json\/wp\/v2\/categories?post=702"},{"taxonomy":"post_tag","embeddable":true,"href":"https:\/\/www.saloanoticias.com\/v1\/wp-json\/wp\/v2\/tags?post=702"}],"curies":[{"name":"wp","href":"https:\/\/api.w.org\/{rel}","templated":true}]}}