{"id":700,"date":"2014-03-02T11:00:00","date_gmt":"2014-03-02T11:00:00","guid":{"rendered":"https:\/\/saloanoticias.mrmediaweb.com\/v1\/2014\/03\/02\/escola-manoel-vicente-tambem-festeja-o-carnaval\/"},"modified":"2014-03-02T11:00:00","modified_gmt":"2014-03-02T11:00:00","slug":"escola-manoel-vicente-tambem-festeja-o-carnaval","status":"publish","type":"post","link":"https:\/\/www.saloanoticias.com\/v1\/escola-manoel-vicente-tambem-festeja-o-carnaval\/","title":{"rendered":"ESCOLA MANOEL VICENTE TAMB\u00c9M FESTEJA O CARNAVAL"},"content":{"rendered":"<p align=\"justify\"><font size=\"3\" face=\"Arial\"><a href=\"http:\/\/www.saloanoticias.com\/images\/carnaval---man-vicente.jpg\"><img loading=\"lazy\" decoding=\"async\" title=\"CARNAVAL - man&eacute; vicente\" style=\"border-top: 0px; border-right: 0px; background-image: none; border-bottom: 0px; float: none; padding-top: 0px; padding-left: 0px; margin: 0px auto 10px; border-left: 0px; display: block; padding-right: 0px\" border=\"0\" alt=\"CARNAVAL - man&eacute; vicente\" src=\"http:\/\/www.saloanoticias.com\/v1\/wp-content\/uploads\/imagens\/carnaval---man-vicente_thumb.jpg\" width=\"516\" height=\"387\"><\/a>O projeto \u201cEvo\u00e9 o Carnaval de Pernambuco\u201d teve grande repercuss\u00e3o em Salo\u00e1. Realizado pela Prefeitura Municipal, atrav\u00e9s da Secretaria de Educa\u00e7\u00e3o em parceria com o Sesc e Projeto o Batuque, a a\u00e7\u00e3o movimentou a cidade, numa pr\u00e9via carnavalesca jamais vista. <\/font><font size=\"3\" face=\"Arial\">A escola Manoel Vicente vivenciou um grande cortejo de pelas ruas de Salo\u00e1, tendo seus estudantes, em sala de aula, uma proveitosa oficina percuss\u00e3o, ministrada pelo Professor Herick Faustino.<\/font> <\/p>\n<p align=\"justify\"><font size=\"3\" face=\"Arial\">Segundo a Gestora da escola, Sandra Cadengue, os estudantes aprenderam muito sobre o Maracatu que tr\u00e1s um ritmo tradicional do Nordeste do Brasil e que se desenvolve h\u00e1 mais de 400 anos. Ela lembrou a origem da express\u00e3o cultural: \u201cO Maracatu \u00e9 um compasso de origem africana, com elementos ind\u00edgenas e portugueses, e que tem caracter\u00edsticas religiosas. Aprender Maracatu \u00e9 tamb\u00e9m resgatar nossa hist\u00f3ria e nossa cultura\u201d, disse.<\/font> <\/p>\n<p align=\"justify\"><font size=\"3\" face=\"Arial\">\u201cEste ano Salo\u00e1 tem vivenciado com intensidade o Carnaval. \u00c9 preciso valorizar o carnaval e mostrar para nossos alunos que podemos tornar esse tempo atraente com cultura e nossos ritmos genuinamente pernambucanos como frevo e o maracatu. S\u00e3o valores que precisam chegar ao interior\u201d. Disse a secret\u00e1ria de Educa\u00e7\u00e3o de Salo\u00e1, Josevalda Cavalcante.<\/font> <\/p>\n<p align=\"justify\"><font size=\"3\" face=\"Arial\">Ela destacou ainda o empenho do arte-educador Pacheco Neto na realiza\u00e7\u00e3o do projeto Evo\u00e9. \u201cPacheco tem contribu\u00eddo significativamente na Secretaria de Educa\u00e7\u00e3o. Como arte-educador seu papel \u00e9 envolver-se nas manifesta\u00e7\u00f5es culturais do nosso munic\u00edpio, aprimorando os valores j\u00e1 vivenciados\u201d, disse a secret\u00e1ria.<\/font> <\/p>\n<p align=\"justify\"><font size=\"3\" face=\"Arial Black\">Fonte&nbsp; &#8211;&nbsp; Ascom\/Prefeitura de Salo\u00e1\/PE<\/font><\/p>\n<div style=\"margin-top: 0px; margin-bottom: 0px;\" class=\"sharethis-inline-share-buttons\" ><\/div>","protected":false},"excerpt":{"rendered":"<p>O projeto \u201cEvo\u00e9 o Carnaval de Pernambuco\u201d teve grande repercuss\u00e3o em Salo\u00e1. Realizado pela Prefeitura Municipal, atrav\u00e9s da Secretaria de Educa\u00e7\u00e3o em parceria com o Sesc e Projeto o Batuque, a a\u00e7\u00e3o movimentou a cidade, numa pr\u00e9via carnavalesca jamais vista. A escola Manoel Vicente vivenciou um grande cortejo de pelas ruas de Salo\u00e1, tendo seus [&hellip;]<\/p>\n","protected":false},"author":1,"featured_media":0,"comment_status":"open","ping_status":"open","sticky":false,"template":"","format":"standard","meta":{"footnotes":""},"categories":[2],"tags":[],"class_list":["post-700","post","type-post","status-publish","format-standard","hentry","category-noticias-do-dia"],"_links":{"self":[{"href":"https:\/\/www.saloanoticias.com\/v1\/wp-json\/wp\/v2\/posts\/700","targetHints":{"allow":["GET"]}}],"collection":[{"href":"https:\/\/www.saloanoticias.com\/v1\/wp-json\/wp\/v2\/posts"}],"about":[{"href":"https:\/\/www.saloanoticias.com\/v1\/wp-json\/wp\/v2\/types\/post"}],"author":[{"embeddable":true,"href":"https:\/\/www.saloanoticias.com\/v1\/wp-json\/wp\/v2\/users\/1"}],"replies":[{"embeddable":true,"href":"https:\/\/www.saloanoticias.com\/v1\/wp-json\/wp\/v2\/comments?post=700"}],"version-history":[{"count":0,"href":"https:\/\/www.saloanoticias.com\/v1\/wp-json\/wp\/v2\/posts\/700\/revisions"}],"wp:attachment":[{"href":"https:\/\/www.saloanoticias.com\/v1\/wp-json\/wp\/v2\/media?parent=700"}],"wp:term":[{"taxonomy":"category","embeddable":true,"href":"https:\/\/www.saloanoticias.com\/v1\/wp-json\/wp\/v2\/categories?post=700"},{"taxonomy":"post_tag","embeddable":true,"href":"https:\/\/www.saloanoticias.com\/v1\/wp-json\/wp\/v2\/tags?post=700"}],"curies":[{"name":"wp","href":"https:\/\/api.w.org\/{rel}","templated":true}]}}