{"id":698,"date":"2014-03-01T11:00:00","date_gmt":"2014-03-01T11:00:00","guid":{"rendered":"https:\/\/saloanoticias.mrmediaweb.com\/v1\/2014\/03\/01\/direcao-do-sindicato-de-saloa-participa-de-encontro-com-aldo-santos\/"},"modified":"2014-03-01T11:00:00","modified_gmt":"2014-03-01T11:00:00","slug":"direcao-do-sindicato-de-saloa-participa-de-encontro-com-aldo-santos","status":"publish","type":"post","link":"https:\/\/www.saloanoticias.com\/v1\/direcao-do-sindicato-de-saloa-participa-de-encontro-com-aldo-santos\/","title":{"rendered":"DIRE\u00c7\u00c3O DO SINDICATO DE SALO\u00c1 TEM ENCONTRO COM ALDO SANTOS"},"content":{"rendered":"<p align=\"justify\"><font size=\"3\" face=\"Arial\"><a href=\"http:\/\/www.saloanoticias.com\/images\/rose-e-z_7faab87bde5b5771b59cf2be4847d0a2.jpg\"><img loading=\"lazy\" decoding=\"async\" title=\"Rose e Z&eacute;\" style=\"border-left-width: 0px; border-right-width: 0px; background-image: none; border-bottom-width: 0px; float: none; padding-top: 0px; padding-left: 0px; margin: 0px auto 10px; display: block; padding-right: 0px; border-top-width: 0px\" border=\"0\" alt=\"Rose e Z&eacute;\" src=\"http:\/\/www.saloanoticias.com\/v1\/wp-content\/uploads\/imagens\/rose-e-z_thumb_1167467918a3f724bbb23cef1f803c07.jpg\" width=\"543\" height=\"360\"><\/a>O presidente do STR (Sindicato dos Trabalhadores Rurais) de Salo\u00e1, Jos\u00e9 Ferreira e a presidente do CMDR (Conselho Municipal de Desenvolvimento Rural), Roseane, participaram do encontro colegiado do f\u00f3rum territorial do Agreste Meridional, evento que aconteceu na \u00faltima quinta-feira (27) na cidade de Garanhuns. A reuni\u00e3o promovida pelo Territ\u00f3rio do Desenvolvimento do Agreste Meridional, discutiu o PROINF \u2013 Programa de apoio a Projetos de infraestrutura e Servi\u00e7os para a Agricultura Familiar. A reuni\u00e3o contou com a presen\u00e7a do Secret\u00e1rio de Agricultura do Estado, Aldo Santos e v\u00e1rios gerentes do Prorural e IPA, al\u00e9m de representantes dos diversos munic\u00edpios que comp\u00f5em o Territ\u00f3rio.<\/font>  <\/p>\n<p align=\"justify\"><font size=\"3\" face=\"Arial\">O Proinf \u00e9 uma a\u00e7\u00e3o or\u00e7ament\u00e1ria de responsabilidade do Minist\u00e9rio do Desenvolvimento Agr\u00e1rio (\/MDA) e tem por ?nalidade ?nanciar projetos estrat\u00e9gicos para o desenvolvimento dos munic\u00edpios, de?nidos no Plano Territorial. A a\u00e7\u00e3o apoia, com recursos do Or\u00e7amento Geral da Uni\u00e3o (OGU), iniciativas de munic\u00edpios, Cons\u00f3rcios P\u00fablicos, Estados e Uni\u00e3o, na forma de investimentos destinados a agricultores familiares. Salo\u00e1 faz parte do Territ\u00f3rio de Desenvolvimento do Agreste Meridional, que se re\u00fane mensalmente para tratar de diversos projetos.<\/font>  <\/p>\n<p align=\"justify\"><font size=\"3\" face=\"Arial\">Os representantes do STR\/Salo\u00e1, vem participando des reuni\u00f5es do Territ\u00f3rio da Cidadania. \u201cContamos com a participa\u00e7\u00e3o de representantes do nosso Conselho de Desenvolvimento Rural, em todas as reuni\u00f5es do Territ\u00f3rio. Certamente muitos projetos que s\u00e3o discutidos por este colegiado s\u00e3o repassados para as associa\u00e7\u00f5es de Salo\u00e1\u201d. Destacou o secret\u00e1rio.<\/font>  <\/p>\n<p align=\"justify\"><font size=\"3\" face=\"Arial Black\">Fonte&nbsp; &#8211;&nbsp; Ascom\/STR Salo\u00e1\/PE<\/font><\/p>\n<div style=\"margin-top: 0px; margin-bottom: 0px;\" class=\"sharethis-inline-share-buttons\" ><\/div>","protected":false},"excerpt":{"rendered":"<p>O presidente do STR (Sindicato dos Trabalhadores Rurais) de Salo\u00e1, Jos\u00e9 Ferreira e a presidente do CMDR (Conselho Municipal de Desenvolvimento Rural), Roseane, participaram do encontro colegiado do f\u00f3rum territorial do Agreste Meridional, evento que aconteceu na \u00faltima quinta-feira (27) na cidade de Garanhuns. A reuni\u00e3o promovida pelo Territ\u00f3rio do Desenvolvimento do Agreste Meridional, discutiu [&hellip;]<\/p>\n","protected":false},"author":1,"featured_media":0,"comment_status":"open","ping_status":"open","sticky":false,"template":"","format":"standard","meta":{"footnotes":""},"categories":[2],"tags":[],"class_list":["post-698","post","type-post","status-publish","format-standard","hentry","category-noticias-do-dia"],"_links":{"self":[{"href":"https:\/\/www.saloanoticias.com\/v1\/wp-json\/wp\/v2\/posts\/698","targetHints":{"allow":["GET"]}}],"collection":[{"href":"https:\/\/www.saloanoticias.com\/v1\/wp-json\/wp\/v2\/posts"}],"about":[{"href":"https:\/\/www.saloanoticias.com\/v1\/wp-json\/wp\/v2\/types\/post"}],"author":[{"embeddable":true,"href":"https:\/\/www.saloanoticias.com\/v1\/wp-json\/wp\/v2\/users\/1"}],"replies":[{"embeddable":true,"href":"https:\/\/www.saloanoticias.com\/v1\/wp-json\/wp\/v2\/comments?post=698"}],"version-history":[{"count":0,"href":"https:\/\/www.saloanoticias.com\/v1\/wp-json\/wp\/v2\/posts\/698\/revisions"}],"wp:attachment":[{"href":"https:\/\/www.saloanoticias.com\/v1\/wp-json\/wp\/v2\/media?parent=698"}],"wp:term":[{"taxonomy":"category","embeddable":true,"href":"https:\/\/www.saloanoticias.com\/v1\/wp-json\/wp\/v2\/categories?post=698"},{"taxonomy":"post_tag","embeddable":true,"href":"https:\/\/www.saloanoticias.com\/v1\/wp-json\/wp\/v2\/tags?post=698"}],"curies":[{"name":"wp","href":"https:\/\/api.w.org\/{rel}","templated":true}]}}